{"id":3460,"date":"2022-01-12T18:00:00","date_gmt":"2022-01-12T17:00:00","guid":{"rendered":"https:\/\/voyageetdestination.fr\/?p=3460"},"modified":"2022-01-10T17:47:50","modified_gmt":"2022-01-10T16:47:50","slug":"noel-au-chateau-de-villandry","status":"publish","type":"post","link":"https:\/\/voyageetdestination.fr\/index.php\/2022\/01\/12\/noel-au-chateau-de-villandry\/","title":{"rendered":"No\u00ebl au Ch\u00e2teau de Villandry"},"content":{"rendered":"\n<p class=\"has-drop-cap\">Quoi de mieux pour entamer une nouvelle ann\u00e9e que de se replonger une derni\u00e8re fois dans la magie de No\u00ebl&nbsp;?<\/p>\n\n\n\n<p>C\u2019est parti pour le premier article de 2022&nbsp;!<\/p>\n\n\n\n<p class=\"has-large-font-size\"><strong>No\u00ebl au Pays des Ch\u00e2teaux<\/strong><\/p>\n\n\n\n<p><strong>Du 4 d\u00e9cembre 2021 au 2 janvier 2022<\/strong>, c\u2019\u00e9tait un d\u00e9part imm\u00e9diat pour le Pays du P\u00e8re No\u00ebl\u00a0! Du moins, l\u2019ambiance chaleureuse \u00e9tait au rendez-vous dans les <strong><a href=\"https:\/\/www.touraineloirevalley.com\/decouvrir\/chateaux-de-la-loire\/\" data-type=\"URL\" data-id=\"https:\/\/www.touraineloirevalley.com\/decouvrir\/chateaux-de-la-loire\/\" target=\"_blank\" rel=\"noreferrer noopener\">ch\u00e2teaux de la Loire<\/a> <\/strong>avec l\u2019op\u00e9ration <strong>\u00ab\u00a0<a href=\"https:\/\/www.touraineloirevalley.com\/decouvrir\/chateaux-de-la-loire\/noel-au-pays-des-chateaux\/\" data-type=\"URL\" data-id=\"https:\/\/www.touraineloirevalley.com\/decouvrir\/chateaux-de-la-loire\/noel-au-pays-des-chateaux\/\" target=\"_blank\" rel=\"noreferrer noopener\">No\u00ebl au Pays des Ch\u00e2teaux<\/a>\u00a0\u00bb<\/strong> qui donnait \u00e0 voir les ch\u00e2teaux de Touraine un peu diff\u00e9remment. Le principe \u00e9tait d\u2019amener quelques surprises en proposant des ouvertures exceptionnelles, des nocturnes, des parcours de No\u00ebl et diverses animations.<\/p>\n\n\n\n<p>Parmi les ch\u00e2teaux participants figuraient ceux de&nbsp;:<\/p>\n\n\n\n<ul class=\"wp-block-list\"><li><a href=\"https:\/\/www.touraineloirevalley.com\/patrimoine-culturel\/chateau-de-chenonceau-chenonceaux\/\" data-type=\"URL\" data-id=\"https:\/\/www.touraineloirevalley.com\/patrimoine-culturel\/chateau-de-chenonceau-chenonceaux\/\" target=\"_blank\" rel=\"noreferrer noopener\">Chenonceau<\/a>,<\/li><li><a href=\"https:\/\/www.touraineloirevalley.com\/patrimoine-culturel\/forteresse-royale-de-chinon-chinon\/\" data-type=\"URL\" data-id=\"https:\/\/www.touraineloirevalley.com\/patrimoine-culturel\/forteresse-royale-de-chinon-chinon\/\" target=\"_blank\" rel=\"noreferrer noopener\">Chinon<\/a>,<\/li><li><a href=\"https:\/\/www.touraineloirevalley.com\/patrimoine-culturel\/chateau-royal-damboise-amboise\/\" data-type=\"URL\" data-id=\"https:\/\/www.touraineloirevalley.com\/patrimoine-culturel\/chateau-royal-damboise-amboise\/\" target=\"_blank\" rel=\"noreferrer noopener\">Amboise<\/a>,<\/li><li><a href=\"https:\/\/www.touraineloirevalley.com\/patrimoine-culturel\/chateau-et-parc-de-langeais-langeais\/\" data-type=\"URL\" data-id=\"https:\/\/www.touraineloirevalley.com\/patrimoine-culturel\/chateau-et-parc-de-langeais-langeais\/\" target=\"_blank\" rel=\"noreferrer noopener\">Langeais<\/a>,<\/li><li><a href=\"https:\/\/www.touraineloirevalley.com\/patrimoine-culturel\/cite-royale-de-loches-loches\/\" data-type=\"URL\" data-id=\"https:\/\/www.touraineloirevalley.com\/patrimoine-culturel\/cite-royale-de-loches-loches\/\" target=\"_blank\" rel=\"noreferrer noopener\">Loches<\/a>,<\/li><li><a href=\"https:\/\/www.touraineloirevalley.com\/patrimoine-culturel\/chateau-et-jardins-de-villandry-villandry\/\" target=\"_blank\" rel=\"noreferrer noopener\">Villandry<\/a>,<\/li><li>Et <a href=\"https:\/\/www.touraineloirevalley.com\/patrimoine-culturel\/chateau-dazay-le-rideau-azay-le-rideau\/\" data-type=\"URL\" data-id=\"https:\/\/www.touraineloirevalley.com\/patrimoine-culturel\/chateau-dazay-le-rideau-azay-le-rideau\/\" target=\"_blank\" rel=\"noreferrer noopener\">Azay-le-Rideau<\/a>.<\/li><\/ul>\n\n\n\n<p>En famille, nous avons fait un d\u00e9tour vers le 16<sup>\u00e8me<\/sup> si\u00e8cle pour <strong>c\u00e9l\u00e9brer l\u2019esprit de No\u00ebl \u00e0 <a href=\"https:\/\/www.chateauvillandry.fr\/\" target=\"_blank\" rel=\"noreferrer noopener\">Villandry<\/a><\/strong>.<\/p>\n\n\n\n<div class=\"wp-block-image\"><figure class=\"aligncenter size-large\"><img loading=\"lazy\" decoding=\"async\" width=\"1024\" height=\"731\" data-attachment-id=\"3467\" data-permalink=\"https:\/\/voyageetdestination.fr\/img_20211228_160058\/\" data-orig-file=\"https:\/\/voyageetdestination.fr\/wp-content\/uploads\/2022\/01\/IMG_20211228_160058-scaled.jpg\" data-orig-size=\"2560,1828\" data-comments-opened=\"1\" data-image-meta=\"{&quot;aperture&quot;:&quot;1.8&quot;,&quot;credit&quot;:&quot;&quot;,&quot;camera&quot;:&quot;HRY-LX1&quot;,&quot;caption&quot;:&quot;&quot;,&quot;created_timestamp&quot;:&quot;1640707260&quot;,&quot;copyright&quot;:&quot;&quot;,&quot;focal_length&quot;:&quot;3.6&quot;,&quot;iso&quot;:&quot;50&quot;,&quot;shutter_speed&quot;:&quot;0.0061349693251534&quot;,&quot;title&quot;:&quot;&quot;,&quot;orientation&quot;:&quot;1&quot;}\" data-image-title=\"IMG_20211228_160058\" data-image-description=\"\" data-image-caption=\"&lt;p&gt;Le ch\u00e2teau de Villandry&lt;\/p&gt;\n\" data-large-file=\"https:\/\/voyageetdestination.fr\/wp-content\/uploads\/2022\/01\/IMG_20211228_160058-1024x731.jpg\" src=\"https:\/\/voyageetdestination.fr\/wp-content\/uploads\/2022\/01\/IMG_20211228_160058-1024x731.jpg\" alt=\"\" class=\"wp-image-3467\" srcset=\"https:\/\/voyageetdestination.fr\/wp-content\/uploads\/2022\/01\/IMG_20211228_160058-1024x731.jpg 1024w, https:\/\/voyageetdestination.fr\/wp-content\/uploads\/2022\/01\/IMG_20211228_160058-300x214.jpg 300w, https:\/\/voyageetdestination.fr\/wp-content\/uploads\/2022\/01\/IMG_20211228_160058-768x549.jpg 768w, https:\/\/voyageetdestination.fr\/wp-content\/uploads\/2022\/01\/IMG_20211228_160058-1536x1097.jpg 1536w, https:\/\/voyageetdestination.fr\/wp-content\/uploads\/2022\/01\/IMG_20211228_160058-2048x1463.jpg 2048w\" sizes=\"auto, (max-width: 1024px) 100vw, 1024px\" \/><figcaption>Le ch\u00e2teau de Villandry<\/figcaption><\/figure><\/div>\n\n\n\n<p>Villandry est un domaine situ\u00e9 pr\u00e8s de Tours, dans la <strong><a href=\"https:\/\/www.chateauvillandry.fr\/retrouvez-aussi\/les-conseils-pour-decouvrir-le-val-de-loire\/\" data-type=\"URL\" data-id=\"https:\/\/www.chateauvillandry.fr\/retrouvez-aussi\/les-conseils-pour-decouvrir-le-val-de-loire\/\" target=\"_blank\" rel=\"noreferrer noopener\">Vall\u00e9e de la Loire<\/a><\/strong>. Surtout reconnu pour ses magnifiques jardins, c\u2019est l\u2019un des incontournables de la r\u00e9gion.<\/p>\n\n\n\n<p>On ne va pas se le cacher, en hiver, pour visiter les ext\u00e9rieurs, ce n\u2019est bien s\u00fbr pas l\u2019id\u00e9al. Mais malgr\u00e9 tout, ils en imposent.<\/p>\n\n\n\n<p class=\"has-large-font-size\"><strong>Les jardins de Villandry<\/strong><\/p>\n\n\n\n<p>D\u00e8s notre arriv\u00e9e, nous avons d\u00e9cid\u00e9 de commencer par l\u00e0, en profitant encore de la lumi\u00e8re du jour.<\/p>\n\n\n\n<p>Les <a href=\"https:\/\/www.chateauvillandry.fr\/explorer-le-domaine\/les-contenus-multimedia\/les-jardins-pas-a-pas\/\" data-type=\"URL\" data-id=\"https:\/\/www.chateauvillandry.fr\/explorer-le-domaine\/les-contenus-multimedia\/les-jardins-pas-a-pas\/\" target=\"_blank\" rel=\"noreferrer noopener\">jardins<\/a> se composent de <strong>7 parties<\/strong>\u00a0:<\/p>\n\n\n\n<p>Le<strong> Potager de la Renaissance<\/strong> dans lequel on arrive directement. Il s\u2019articule en 9 carr\u00e9s de plantations. En cette saison, nous distinguons encore les courges, poireaux et autres artichauts. Les vari\u00e9t\u00e9s de choux \u00e9gayent aussi l\u2019espace et chatouillent les narines \u00e0 notre passage.<\/p>\n\n\n\n<div class=\"wp-block-image\"><figure class=\"aligncenter size-large\"><img loading=\"lazy\" decoding=\"async\" width=\"1024\" height=\"731\" data-attachment-id=\"3468\" data-permalink=\"https:\/\/voyageetdestination.fr\/img_20211228_160235\/\" data-orig-file=\"https:\/\/voyageetdestination.fr\/wp-content\/uploads\/2022\/01\/IMG_20211228_160235-scaled.jpg\" data-orig-size=\"2560,1828\" data-comments-opened=\"1\" data-image-meta=\"{&quot;aperture&quot;:&quot;1.8&quot;,&quot;credit&quot;:&quot;&quot;,&quot;camera&quot;:&quot;HRY-LX1&quot;,&quot;caption&quot;:&quot;&quot;,&quot;created_timestamp&quot;:&quot;1640707358&quot;,&quot;copyright&quot;:&quot;&quot;,&quot;focal_length&quot;:&quot;3.6&quot;,&quot;iso&quot;:&quot;64&quot;,&quot;shutter_speed&quot;:&quot;0.02&quot;,&quot;title&quot;:&quot;&quot;,&quot;orientation&quot;:&quot;0&quot;}\" data-image-title=\"IMG_20211228_160235\" data-image-description=\"\" data-image-caption=\"&lt;p&gt;Le Potager de la Renaissance&lt;\/p&gt;\n\" data-large-file=\"https:\/\/voyageetdestination.fr\/wp-content\/uploads\/2022\/01\/IMG_20211228_160235-1024x731.jpg\" src=\"https:\/\/voyageetdestination.fr\/wp-content\/uploads\/2022\/01\/IMG_20211228_160235-1024x731.jpg\" alt=\"\" class=\"wp-image-3468\" srcset=\"https:\/\/voyageetdestination.fr\/wp-content\/uploads\/2022\/01\/IMG_20211228_160235-1024x731.jpg 1024w, https:\/\/voyageetdestination.fr\/wp-content\/uploads\/2022\/01\/IMG_20211228_160235-300x214.jpg 300w, https:\/\/voyageetdestination.fr\/wp-content\/uploads\/2022\/01\/IMG_20211228_160235-768x548.jpg 768w, https:\/\/voyageetdestination.fr\/wp-content\/uploads\/2022\/01\/IMG_20211228_160235-1536x1097.jpg 1536w, https:\/\/voyageetdestination.fr\/wp-content\/uploads\/2022\/01\/IMG_20211228_160235-2048x1463.jpg 2048w\" sizes=\"auto, (max-width: 1024px) 100vw, 1024px\" \/><figcaption>Le Potager de la Renaissance<\/figcaption><\/figure><\/div>\n\n\n\n<p>En longeant la basse-cour (b\u00e2timent non visitable), on tombe sur le <strong>Jardin des simples <\/strong>consacr\u00e9 aux herbes en suivant la tradition m\u00e9di\u00e9vale. Quelles soient aromatiques ou m\u00e9dicinales, elles y ont bien leur place.<\/p>\n\n\n\n<p>En surplomb, nous contemplons le<strong> Jardin d\u2019eau <\/strong>avec un charmant bassin qui finit en petite cascade, puis en canal et traverse le domaine. \u00c0 c\u00f4t\u00e9, il y a encore le<strong> Jardin du Soleil<\/strong> et le <strong>Labyrinthe<\/strong>.<\/p>\n\n\n\n<p>Plus pr\u00e8s du ch\u00e2teau, on d\u00e9couvre \u00e9galement, en contrebas et prolongement des terrasses, le <strong>Jardin d\u2019ornement<\/strong> avec 4 espaces plant\u00e9s de buis. D\u2019inspiration classique, ils repr\u00e9sentent les 4 amours&nbsp;: tendre, passionn\u00e9, volage et tragique.<\/p>\n\n\n\n<div class=\"wp-block-image\"><figure class=\"aligncenter size-large\"><img loading=\"lazy\" decoding=\"async\" width=\"1024\" height=\"731\" data-attachment-id=\"3469\" data-permalink=\"https:\/\/voyageetdestination.fr\/img_20211228_161712\/\" data-orig-file=\"https:\/\/voyageetdestination.fr\/wp-content\/uploads\/2022\/01\/IMG_20211228_161712-scaled.jpg\" data-orig-size=\"2560,1828\" data-comments-opened=\"1\" data-image-meta=\"{&quot;aperture&quot;:&quot;1.8&quot;,&quot;credit&quot;:&quot;&quot;,&quot;camera&quot;:&quot;HRY-LX1&quot;,&quot;caption&quot;:&quot;&quot;,&quot;created_timestamp&quot;:&quot;1640708234&quot;,&quot;copyright&quot;:&quot;&quot;,&quot;focal_length&quot;:&quot;3.6&quot;,&quot;iso&quot;:&quot;64&quot;,&quot;shutter_speed&quot;:&quot;0.01&quot;,&quot;title&quot;:&quot;&quot;,&quot;orientation&quot;:&quot;0&quot;}\" data-image-title=\"IMG_20211228_161712\" data-image-description=\"\" data-image-caption=\"&lt;p&gt;Le Jardin d&amp;rsquo;ornement&lt;\/p&gt;\n\" data-large-file=\"https:\/\/voyageetdestination.fr\/wp-content\/uploads\/2022\/01\/IMG_20211228_161712-1024x731.jpg\" src=\"https:\/\/voyageetdestination.fr\/wp-content\/uploads\/2022\/01\/IMG_20211228_161712-1024x731.jpg\" alt=\"\" class=\"wp-image-3469\" srcset=\"https:\/\/voyageetdestination.fr\/wp-content\/uploads\/2022\/01\/IMG_20211228_161712-1024x731.jpg 1024w, https:\/\/voyageetdestination.fr\/wp-content\/uploads\/2022\/01\/IMG_20211228_161712-300x214.jpg 300w, https:\/\/voyageetdestination.fr\/wp-content\/uploads\/2022\/01\/IMG_20211228_161712-768x548.jpg 768w, https:\/\/voyageetdestination.fr\/wp-content\/uploads\/2022\/01\/IMG_20211228_161712-1536x1097.jpg 1536w, https:\/\/voyageetdestination.fr\/wp-content\/uploads\/2022\/01\/IMG_20211228_161712-2048x1463.jpg 2048w\" sizes=\"auto, (max-width: 1024px) 100vw, 1024px\" \/><figcaption>Le Jardin d&rsquo;ornement<\/figcaption><\/figure><\/div>\n\n\n\n<p>Sur les hauteurs, il est aussi possible de suivre une<strong> promenade dans la for\u00eat<\/strong> et d\u2019admirer la <strong>vue au belv\u00e9d\u00e8re<\/strong>. Au bout du chemin se situent les serres et le Pavillon du 17<sup>\u00e8me<\/sup> si\u00e8cle.<\/p>\n\n\n\n<p>En vid\u00e9o, c&rsquo;est par <a href=\"https:\/\/youtu.be\/D-1CYeBNZHw\" data-type=\"URL\" data-id=\"https:\/\/youtu.be\/D-1CYeBNZHw\" target=\"_blank\" rel=\"noreferrer noopener\">ici<\/a> !<\/p>\n\n\n\n<p class=\"has-large-font-size\"><strong>Petit historique du ch\u00e2teau de Villandry<\/strong><\/p>\n\n\n\n<p><strong>Datant du 16<sup>\u00e8me<\/sup> si\u00e8cle, c\u2019est le dernier des grands ch\u00e2teaux construits sur les bords de Loire pendant la Renaissance.<\/strong> <\/p>\n\n\n\n<p><strong>\u00c0 cet endroit se dressait une forteresse du 12<sup>\u00e8me<\/sup> si\u00e8cle<\/strong> <strong>que le ministre des Finances de Fran\u00e7ois 1<sup>er<\/sup>, Jean Le Breton, fit raser.<\/strong> Aujourd\u2019hui, de cette forteresse, il n\u2019en reste plus que les fondations et le donjon, qui lui est toujours visitable.\u00a0 Le nouveau b\u00e2timent, \u00e9rig\u00e9 \u00e0 sa place, est <strong>gard\u00e9 dans la m\u00eame famille jusqu\u2019en 1754<\/strong> alors qu\u2019il <strong>devient la propri\u00e9t\u00e9 d\u2019un ambassadeur du roi<\/strong>. Ce dernier fait construire des d\u00e9pendances (l\u2019actuelle entr\u00e9e du domaine) et r\u00e9am\u00e9nage le ch\u00e2teau.<\/p>\n\n\n\n<p><strong>En 1906, le ch\u00e2teau est achet\u00e9 par Joachim Carvallo, le grand restaurateur du site, <\/strong>dont les descendants sont encore propri\u00e9taires de nos jours. D\u00e9laissant sa carri\u00e8re de scientifique, <strong>il se consacre corps et \u00e2me \u00e0 la restauration du ch\u00e2teau de Villandry<\/strong> en s\u2019attaquant d\u2019abord aux jardins.<\/p>\n\n\n\n<p class=\"has-large-font-size\"><strong>La visite du ch\u00e2teau<\/strong><\/p>\n\n\n\n<p><strong>\u00c0 Villandry, un parcours de visite permettait de d\u00e9couvrir le ch\u00e2teau autrement, rev\u00eatu de ses plus beaux atours pour la p\u00e9riode de No\u00ebl.<\/strong> <strong>La nature y \u00e9tait omnipr\u00e9sente, laissant entrer une ambiance f\u00e9\u00e9rique et festive.<\/strong> Dans chaque pi\u00e8ce du ch\u00e2teau, une attention particuli\u00e8re avait \u00e9t\u00e9 port\u00e9e sur les magnifiques d\u00e9corations. <strong>De quoi s\u2019\u00e9merveiller sans mod\u00e9ration<\/strong> !<\/p>\n\n\n\n<p>La <a href=\"https:\/\/www.chateauvillandry.fr\/project\/le-chateau-10\/\" data-type=\"URL\" data-id=\"https:\/\/www.chateauvillandry.fr\/project\/le-chateau-10\/\" target=\"_blank\" rel=\"noreferrer noopener\">visite du ch\u00e2teau<\/a> d\u00e9bute par le <strong>vestibule et la salle de la maquette<\/strong> qui repr\u00e9sente le ch\u00e2teau et les 4 niveaux de terrasses.<\/p>\n\n\n\n<p>On traverse ensuite le <strong>salon am\u00e9nag\u00e9 avec un style 18<sup>\u00e8me<\/sup> si\u00e8cle<\/strong> puis le<strong> cabinet de travail<\/strong> situ\u00e9 au rez-de-chauss\u00e9e du donjon m\u00e9di\u00e9val.<\/p>\n\n\n\n<div class=\"wp-block-image\"><figure class=\"aligncenter size-large\"><img loading=\"lazy\" decoding=\"async\" width=\"731\" height=\"1024\" data-attachment-id=\"3470\" data-permalink=\"https:\/\/voyageetdestination.fr\/img_20211228_163607\/\" data-orig-file=\"https:\/\/voyageetdestination.fr\/wp-content\/uploads\/2022\/01\/IMG_20211228_163607-scaled.jpg\" data-orig-size=\"1828,2560\" data-comments-opened=\"1\" data-image-meta=\"{&quot;aperture&quot;:&quot;1.8&quot;,&quot;credit&quot;:&quot;&quot;,&quot;camera&quot;:&quot;HRY-LX1&quot;,&quot;caption&quot;:&quot;&quot;,&quot;created_timestamp&quot;:&quot;1640709370&quot;,&quot;copyright&quot;:&quot;&quot;,&quot;focal_length&quot;:&quot;3.6&quot;,&quot;iso&quot;:&quot;500&quot;,&quot;shutter_speed&quot;:&quot;0.05&quot;,&quot;title&quot;:&quot;&quot;,&quot;orientation&quot;:&quot;0&quot;}\" data-image-title=\"IMG_20211228_163607\" data-image-description=\"\" data-image-caption=\"&lt;p&gt;Le salon&lt;\/p&gt;\n\" data-large-file=\"https:\/\/voyageetdestination.fr\/wp-content\/uploads\/2022\/01\/IMG_20211228_163607-731x1024.jpg\" src=\"https:\/\/voyageetdestination.fr\/wp-content\/uploads\/2022\/01\/IMG_20211228_163607-731x1024.jpg\" alt=\"\" class=\"wp-image-3470\" srcset=\"https:\/\/voyageetdestination.fr\/wp-content\/uploads\/2022\/01\/IMG_20211228_163607-731x1024.jpg 731w, https:\/\/voyageetdestination.fr\/wp-content\/uploads\/2022\/01\/IMG_20211228_163607-214x300.jpg 214w, https:\/\/voyageetdestination.fr\/wp-content\/uploads\/2022\/01\/IMG_20211228_163607-768x1075.jpg 768w, https:\/\/voyageetdestination.fr\/wp-content\/uploads\/2022\/01\/IMG_20211228_163607-1097x1536.jpg 1097w, https:\/\/voyageetdestination.fr\/wp-content\/uploads\/2022\/01\/IMG_20211228_163607-1463x2048.jpg 1463w, https:\/\/voyageetdestination.fr\/wp-content\/uploads\/2022\/01\/IMG_20211228_163607-scaled.jpg 1828w\" sizes=\"auto, (max-width: 731px) 100vw, 731px\" \/><figcaption>Le salon<\/figcaption><\/figure><\/div>\n\n\n\n<p>On acc\u00e8de juste apr\u00e8s \u00e0 la <strong>somptueuse salle \u00e0 manger<\/strong>, toujours am\u00e9nag\u00e9e comme au 18<sup>\u00e8me<\/sup> si\u00e8cle.<\/p>\n\n\n\n<div class=\"wp-block-image\"><figure class=\"aligncenter size-large\"><img loading=\"lazy\" decoding=\"async\" width=\"1024\" height=\"731\" data-attachment-id=\"3471\" data-permalink=\"https:\/\/voyageetdestination.fr\/img_20211228_164259\/\" data-orig-file=\"https:\/\/voyageetdestination.fr\/wp-content\/uploads\/2022\/01\/IMG_20211228_164259.jpg\" data-orig-size=\"2260,1614\" data-comments-opened=\"1\" data-image-meta=\"{&quot;aperture&quot;:&quot;1.8&quot;,&quot;credit&quot;:&quot;&quot;,&quot;camera&quot;:&quot;HRY-LX1&quot;,&quot;caption&quot;:&quot;&quot;,&quot;created_timestamp&quot;:&quot;1640709782&quot;,&quot;copyright&quot;:&quot;&quot;,&quot;focal_length&quot;:&quot;3.6&quot;,&quot;iso&quot;:&quot;1000&quot;,&quot;shutter_speed&quot;:&quot;0.076923076923077&quot;,&quot;title&quot;:&quot;&quot;,&quot;orientation&quot;:&quot;1&quot;}\" data-image-title=\"IMG_20211228_164259\" data-image-description=\"\" data-image-caption=\"&lt;p&gt;La salle \u00e0 manger&lt;\/p&gt;\n\" data-large-file=\"https:\/\/voyageetdestination.fr\/wp-content\/uploads\/2022\/01\/IMG_20211228_164259-1024x731.jpg\" src=\"https:\/\/voyageetdestination.fr\/wp-content\/uploads\/2022\/01\/IMG_20211228_164259-1024x731.jpg\" alt=\"\" class=\"wp-image-3471\" srcset=\"https:\/\/voyageetdestination.fr\/wp-content\/uploads\/2022\/01\/IMG_20211228_164259-1024x731.jpg 1024w, https:\/\/voyageetdestination.fr\/wp-content\/uploads\/2022\/01\/IMG_20211228_164259-300x214.jpg 300w, https:\/\/voyageetdestination.fr\/wp-content\/uploads\/2022\/01\/IMG_20211228_164259-768x548.jpg 768w, https:\/\/voyageetdestination.fr\/wp-content\/uploads\/2022\/01\/IMG_20211228_164259-1536x1097.jpg 1536w, https:\/\/voyageetdestination.fr\/wp-content\/uploads\/2022\/01\/IMG_20211228_164259-2048x1463.jpg 2048w\" sizes=\"auto, (max-width: 1024px) 100vw, 1024px\" \/><figcaption>La salle \u00e0 manger<\/figcaption><\/figure><\/div>\n\n\n\n<p>\u00c0 c\u00f4t\u00e9 de la salle \u00e0 manger se trouve<strong> l\u2019escalier d\u2019honneur<\/strong> construit au 18<sup>\u00e8me<\/sup> si\u00e8cle avec sa rampe en fer forg\u00e9. Il est tout autant majestueux.<\/p>\n\n\n\n<p>En passant sous l\u2019escalier, il ne faut pas manquer la <strong>cuisine<\/strong>&nbsp;! Elle n\u2019a pas particuli\u00e8rement chang\u00e9 gr\u00e2ce \u00e0 sa fonction purement utilitaire, on y voit toujours son imposante chemin\u00e9e et les tomettes au sol.<\/p>\n\n\n\n<div class=\"wp-block-image\"><figure class=\"aligncenter size-large\"><img loading=\"lazy\" decoding=\"async\" width=\"1024\" height=\"731\" data-attachment-id=\"3472\" data-permalink=\"https:\/\/voyageetdestination.fr\/img_20211228_164824\/\" data-orig-file=\"https:\/\/voyageetdestination.fr\/wp-content\/uploads\/2022\/01\/IMG_20211228_164824-scaled.jpg\" data-orig-size=\"2560,1828\" data-comments-opened=\"1\" data-image-meta=\"{&quot;aperture&quot;:&quot;1.8&quot;,&quot;credit&quot;:&quot;&quot;,&quot;camera&quot;:&quot;HRY-LX1&quot;,&quot;caption&quot;:&quot;&quot;,&quot;created_timestamp&quot;:&quot;1640710107&quot;,&quot;copyright&quot;:&quot;&quot;,&quot;focal_length&quot;:&quot;3.6&quot;,&quot;iso&quot;:&quot;1000&quot;,&quot;shutter_speed&quot;:&quot;0.076923076923077&quot;,&quot;title&quot;:&quot;&quot;,&quot;orientation&quot;:&quot;1&quot;}\" data-image-title=\"IMG_20211228_164824\" data-image-description=\"\" data-image-caption=\"&lt;p&gt;La cuisine&lt;\/p&gt;\n\" data-large-file=\"https:\/\/voyageetdestination.fr\/wp-content\/uploads\/2022\/01\/IMG_20211228_164824-1024x731.jpg\" src=\"https:\/\/voyageetdestination.fr\/wp-content\/uploads\/2022\/01\/IMG_20211228_164824-1024x731.jpg\" alt=\"\" class=\"wp-image-3472\" srcset=\"https:\/\/voyageetdestination.fr\/wp-content\/uploads\/2022\/01\/IMG_20211228_164824-1024x731.jpg 1024w, https:\/\/voyageetdestination.fr\/wp-content\/uploads\/2022\/01\/IMG_20211228_164824-300x214.jpg 300w, https:\/\/voyageetdestination.fr\/wp-content\/uploads\/2022\/01\/IMG_20211228_164824-768x548.jpg 768w, https:\/\/voyageetdestination.fr\/wp-content\/uploads\/2022\/01\/IMG_20211228_164824-1536x1097.jpg 1536w, https:\/\/voyageetdestination.fr\/wp-content\/uploads\/2022\/01\/IMG_20211228_164824-2048x1463.jpg 2048w\" sizes=\"auto, (max-width: 1024px) 100vw, 1024px\" \/><figcaption>La cuisine<\/figcaption><\/figure><\/div>\n\n\n\n<p><strong>Au premier \u00e9tage,<\/strong> on entre dans l\u2019intimit\u00e9 en d\u00e9couvrant les diff\u00e9rentes chambres. D\u2019abord la <strong>chambre du prince J\u00e9r\u00f4me<\/strong>. Elle porte le nom du fr\u00e8re de Napol\u00e9on qui a \u00e9t\u00e9 propri\u00e9taire du ch\u00e2teau quelques ann\u00e9es. La d\u00e9coration est de style Premier Empire.<\/p>\n\n\n\n<p>Ensuite se trouvent la<strong> chambre de Joachim Carvallo<\/strong>, la <strong>biblioth\u00e8que<\/strong>, la <strong>chambre du potager <\/strong>et la <strong>chambre<\/strong> <strong>des<\/strong> <strong>douves<\/strong>.<\/p>\n\n\n\n<figure class=\"wp-block-gallery aligncenter columns-2 is-cropped wp-block-gallery-1 is-layout-flex wp-block-gallery-is-layout-flex\"><ul class=\"blocks-gallery-grid\"><li class=\"blocks-gallery-item\"><figure><img loading=\"lazy\" decoding=\"async\" width=\"731\" height=\"1024\" data-attachment-id=\"3476\" data-permalink=\"https:\/\/voyageetdestination.fr\/img_20211228_171245\/\" data-orig-file=\"https:\/\/voyageetdestination.fr\/wp-content\/uploads\/2022\/01\/IMG_20211228_171245-scaled.jpg\" data-orig-size=\"1828,2560\" data-comments-opened=\"1\" data-image-meta=\"{&quot;aperture&quot;:&quot;1.8&quot;,&quot;credit&quot;:&quot;&quot;,&quot;camera&quot;:&quot;HRY-LX1&quot;,&quot;caption&quot;:&quot;&quot;,&quot;created_timestamp&quot;:&quot;1640711566&quot;,&quot;copyright&quot;:&quot;&quot;,&quot;focal_length&quot;:&quot;3.6&quot;,&quot;iso&quot;:&quot;320&quot;,&quot;shutter_speed&quot;:&quot;0.03030303030303&quot;,&quot;title&quot;:&quot;&quot;,&quot;orientation&quot;:&quot;0&quot;}\" data-image-title=\"IMG_20211228_171245\" data-image-description=\"\" data-image-caption=\"&lt;p&gt;La chambre des douves&lt;\/p&gt;\n\" data-large-file=\"https:\/\/voyageetdestination.fr\/wp-content\/uploads\/2022\/01\/IMG_20211228_171245-731x1024.jpg\" src=\"https:\/\/voyageetdestination.fr\/wp-content\/uploads\/2022\/01\/IMG_20211228_171245-731x1024.jpg\" alt=\"\" data-id=\"3476\" data-full-url=\"https:\/\/voyageetdestination.fr\/wp-content\/uploads\/2022\/01\/IMG_20211228_171245-scaled.jpg\" data-link=\"https:\/\/voyageetdestination.fr\/img_20211228_171245\/\" class=\"wp-image-3476\" srcset=\"https:\/\/voyageetdestination.fr\/wp-content\/uploads\/2022\/01\/IMG_20211228_171245-731x1024.jpg 731w, https:\/\/voyageetdestination.fr\/wp-content\/uploads\/2022\/01\/IMG_20211228_171245-214x300.jpg 214w, https:\/\/voyageetdestination.fr\/wp-content\/uploads\/2022\/01\/IMG_20211228_171245-768x1075.jpg 768w, https:\/\/voyageetdestination.fr\/wp-content\/uploads\/2022\/01\/IMG_20211228_171245-1097x1536.jpg 1097w, https:\/\/voyageetdestination.fr\/wp-content\/uploads\/2022\/01\/IMG_20211228_171245-1463x2048.jpg 1463w, https:\/\/voyageetdestination.fr\/wp-content\/uploads\/2022\/01\/IMG_20211228_171245-scaled.jpg 1828w\" sizes=\"auto, (max-width: 731px) 100vw, 731px\" \/><figcaption class=\"blocks-gallery-item__caption\">La chambre des douves<\/figcaption><\/figure><\/li><li class=\"blocks-gallery-item\"><figure><img loading=\"lazy\" decoding=\"async\" width=\"731\" height=\"1024\" data-attachment-id=\"3477\" data-permalink=\"https:\/\/voyageetdestination.fr\/img_20211228_171350\/\" data-orig-file=\"https:\/\/voyageetdestination.fr\/wp-content\/uploads\/2022\/01\/IMG_20211228_171350-scaled.jpg\" data-orig-size=\"1828,2560\" data-comments-opened=\"1\" data-image-meta=\"{&quot;aperture&quot;:&quot;1.8&quot;,&quot;credit&quot;:&quot;&quot;,&quot;camera&quot;:&quot;HRY-LX1&quot;,&quot;caption&quot;:&quot;&quot;,&quot;created_timestamp&quot;:&quot;1640711631&quot;,&quot;copyright&quot;:&quot;&quot;,&quot;focal_length&quot;:&quot;3.6&quot;,&quot;iso&quot;:&quot;320&quot;,&quot;shutter_speed&quot;:&quot;0.03030303030303&quot;,&quot;title&quot;:&quot;&quot;,&quot;orientation&quot;:&quot;0&quot;}\" data-image-title=\"IMG_20211228_171350\" data-image-description=\"\" data-image-caption=\"&lt;p&gt;D\u00e9tail des d\u00e9corations&lt;\/p&gt;\n\" data-large-file=\"https:\/\/voyageetdestination.fr\/wp-content\/uploads\/2022\/01\/IMG_20211228_171350-731x1024.jpg\" src=\"https:\/\/voyageetdestination.fr\/wp-content\/uploads\/2022\/01\/IMG_20211228_171350-731x1024.jpg\" alt=\"\" data-id=\"3477\" data-full-url=\"https:\/\/voyageetdestination.fr\/wp-content\/uploads\/2022\/01\/IMG_20211228_171350-scaled.jpg\" data-link=\"https:\/\/voyageetdestination.fr\/img_20211228_171350\/\" class=\"wp-image-3477\" srcset=\"https:\/\/voyageetdestination.fr\/wp-content\/uploads\/2022\/01\/IMG_20211228_171350-731x1024.jpg 731w, https:\/\/voyageetdestination.fr\/wp-content\/uploads\/2022\/01\/IMG_20211228_171350-214x300.jpg 214w, https:\/\/voyageetdestination.fr\/wp-content\/uploads\/2022\/01\/IMG_20211228_171350-768x1075.jpg 768w, https:\/\/voyageetdestination.fr\/wp-content\/uploads\/2022\/01\/IMG_20211228_171350-1097x1536.jpg 1097w, https:\/\/voyageetdestination.fr\/wp-content\/uploads\/2022\/01\/IMG_20211228_171350-1462x2048.jpg 1462w, https:\/\/voyageetdestination.fr\/wp-content\/uploads\/2022\/01\/IMG_20211228_171350-scaled.jpg 1828w\" sizes=\"auto, (max-width: 731px) 100vw, 731px\" \/><figcaption class=\"blocks-gallery-item__caption\">D\u00e9tail des d\u00e9corations<\/figcaption><\/figure><\/li><\/ul><\/figure>\n\n\n\n<p>De l\u2019autre c\u00f4t\u00e9 de l\u2019escalier, on peut visiter la <strong>galerie de peintures<\/strong> et le <strong>salon oriental avec un plafond des plus impressionnants provenant d\u2019un palais espagnol pr\u00e8s de Tol\u00e8de.<\/strong> S\u00fbrement ma pi\u00e8ce pr\u00e9f\u00e9r\u00e9e !<\/p>\n\n\n\n<div class=\"wp-block-image\"><figure class=\"aligncenter size-large\"><img loading=\"lazy\" decoding=\"async\" width=\"1024\" height=\"768\" data-attachment-id=\"3474\" data-permalink=\"https:\/\/voyageetdestination.fr\/img_20211228_165555\/\" data-orig-file=\"https:\/\/voyageetdestination.fr\/wp-content\/uploads\/2022\/01\/IMG_20211228_165555-scaled.jpg\" data-orig-size=\"2560,1920\" data-comments-opened=\"1\" data-image-meta=\"{&quot;aperture&quot;:&quot;1.8&quot;,&quot;credit&quot;:&quot;&quot;,&quot;camera&quot;:&quot;HRY-LX1&quot;,&quot;caption&quot;:&quot;&quot;,&quot;created_timestamp&quot;:&quot;1640710556&quot;,&quot;copyright&quot;:&quot;&quot;,&quot;focal_length&quot;:&quot;3.6&quot;,&quot;iso&quot;:&quot;200&quot;,&quot;shutter_speed&quot;:&quot;0.03030303030303&quot;,&quot;title&quot;:&quot;&quot;,&quot;orientation&quot;:&quot;0&quot;}\" data-image-title=\"IMG_20211228_165555\" data-image-description=\"\" data-image-caption=\"&lt;p&gt;Le plafond du salon oriental&lt;\/p&gt;\n\" data-large-file=\"https:\/\/voyageetdestination.fr\/wp-content\/uploads\/2022\/01\/IMG_20211228_165555-1024x768.jpg\" src=\"https:\/\/voyageetdestination.fr\/wp-content\/uploads\/2022\/01\/IMG_20211228_165555-1024x768.jpg\" alt=\"\" class=\"wp-image-3474\" srcset=\"https:\/\/voyageetdestination.fr\/wp-content\/uploads\/2022\/01\/IMG_20211228_165555-1024x768.jpg 1024w, https:\/\/voyageetdestination.fr\/wp-content\/uploads\/2022\/01\/IMG_20211228_165555-300x225.jpg 300w, https:\/\/voyageetdestination.fr\/wp-content\/uploads\/2022\/01\/IMG_20211228_165555-768x576.jpg 768w, https:\/\/voyageetdestination.fr\/wp-content\/uploads\/2022\/01\/IMG_20211228_165555-1536x1152.jpg 1536w, https:\/\/voyageetdestination.fr\/wp-content\/uploads\/2022\/01\/IMG_20211228_165555-2048x1536.jpg 2048w\" sizes=\"auto, (max-width: 1024px) 100vw, 1024px\" \/><figcaption>Le plafond du salon oriental<\/figcaption><\/figure><\/div>\n\n\n\n<figure class=\"wp-block-gallery aligncenter columns-2 is-cropped wp-block-gallery-2 is-layout-flex wp-block-gallery-is-layout-flex\"><ul class=\"blocks-gallery-grid\"><li class=\"blocks-gallery-item\"><figure><img loading=\"lazy\" decoding=\"async\" width=\"731\" height=\"1024\" data-attachment-id=\"3473\" data-permalink=\"https:\/\/voyageetdestination.fr\/img_20211228_165527\/\" data-orig-file=\"https:\/\/voyageetdestination.fr\/wp-content\/uploads\/2022\/01\/IMG_20211228_165527-scaled.jpg\" data-orig-size=\"1828,2560\" data-comments-opened=\"1\" data-image-meta=\"{&quot;aperture&quot;:&quot;1.8&quot;,&quot;credit&quot;:&quot;&quot;,&quot;camera&quot;:&quot;HRY-LX1&quot;,&quot;caption&quot;:&quot;&quot;,&quot;created_timestamp&quot;:&quot;1640710528&quot;,&quot;copyright&quot;:&quot;&quot;,&quot;focal_length&quot;:&quot;3.6&quot;,&quot;iso&quot;:&quot;500&quot;,&quot;shutter_speed&quot;:&quot;0.05&quot;,&quot;title&quot;:&quot;&quot;,&quot;orientation&quot;:&quot;0&quot;}\" data-image-title=\"IMG_20211228_165527\" data-image-description=\"\" data-image-caption=\"&lt;p&gt;Le sapin du salon oriental&lt;\/p&gt;\n\" data-large-file=\"https:\/\/voyageetdestination.fr\/wp-content\/uploads\/2022\/01\/IMG_20211228_165527-731x1024.jpg\" src=\"https:\/\/voyageetdestination.fr\/wp-content\/uploads\/2022\/01\/IMG_20211228_165527-731x1024.jpg\" alt=\"\" data-id=\"3473\" data-full-url=\"https:\/\/voyageetdestination.fr\/wp-content\/uploads\/2022\/01\/IMG_20211228_165527-scaled.jpg\" data-link=\"https:\/\/voyageetdestination.fr\/img_20211228_165527\/\" class=\"wp-image-3473\" srcset=\"https:\/\/voyageetdestination.fr\/wp-content\/uploads\/2022\/01\/IMG_20211228_165527-731x1024.jpg 731w, https:\/\/voyageetdestination.fr\/wp-content\/uploads\/2022\/01\/IMG_20211228_165527-214x300.jpg 214w, https:\/\/voyageetdestination.fr\/wp-content\/uploads\/2022\/01\/IMG_20211228_165527-768x1075.jpg 768w, https:\/\/voyageetdestination.fr\/wp-content\/uploads\/2022\/01\/IMG_20211228_165527-1097x1536.jpg 1097w, https:\/\/voyageetdestination.fr\/wp-content\/uploads\/2022\/01\/IMG_20211228_165527-1463x2048.jpg 1463w, https:\/\/voyageetdestination.fr\/wp-content\/uploads\/2022\/01\/IMG_20211228_165527-scaled.jpg 1828w\" sizes=\"auto, (max-width: 731px) 100vw, 731px\" \/><figcaption class=\"blocks-gallery-item__caption\">Le sapin du salon oriental<\/figcaption><\/figure><\/li><li class=\"blocks-gallery-item\"><figure><img loading=\"lazy\" decoding=\"async\" width=\"731\" height=\"1024\" data-attachment-id=\"3475\" data-permalink=\"https:\/\/voyageetdestination.fr\/img_20211228_165832\/\" data-orig-file=\"https:\/\/voyageetdestination.fr\/wp-content\/uploads\/2022\/01\/IMG_20211228_165832-scaled.jpg\" data-orig-size=\"1828,2560\" data-comments-opened=\"1\" data-image-meta=\"{&quot;aperture&quot;:&quot;1.8&quot;,&quot;credit&quot;:&quot;&quot;,&quot;camera&quot;:&quot;HRY-LX1&quot;,&quot;caption&quot;:&quot;&quot;,&quot;created_timestamp&quot;:&quot;1640710715&quot;,&quot;copyright&quot;:&quot;&quot;,&quot;focal_length&quot;:&quot;3.6&quot;,&quot;iso&quot;:&quot;640&quot;,&quot;shutter_speed&quot;:&quot;0.05&quot;,&quot;title&quot;:&quot;&quot;,&quot;orientation&quot;:&quot;0&quot;}\" data-image-title=\"IMG_20211228_165832\" data-image-description=\"\" data-image-caption=\"&lt;p&gt;Un des trois rois mages&lt;\/p&gt;\n\" data-large-file=\"https:\/\/voyageetdestination.fr\/wp-content\/uploads\/2022\/01\/IMG_20211228_165832-731x1024.jpg\" src=\"https:\/\/voyageetdestination.fr\/wp-content\/uploads\/2022\/01\/IMG_20211228_165832-731x1024.jpg\" alt=\"\" data-id=\"3475\" data-full-url=\"https:\/\/voyageetdestination.fr\/wp-content\/uploads\/2022\/01\/IMG_20211228_165832-scaled.jpg\" data-link=\"https:\/\/voyageetdestination.fr\/img_20211228_165832\/\" class=\"wp-image-3475\" srcset=\"https:\/\/voyageetdestination.fr\/wp-content\/uploads\/2022\/01\/IMG_20211228_165832-731x1024.jpg 731w, https:\/\/voyageetdestination.fr\/wp-content\/uploads\/2022\/01\/IMG_20211228_165832-214x300.jpg 214w, https:\/\/voyageetdestination.fr\/wp-content\/uploads\/2022\/01\/IMG_20211228_165832-768x1075.jpg 768w, https:\/\/voyageetdestination.fr\/wp-content\/uploads\/2022\/01\/IMG_20211228_165832-1097x1536.jpg 1097w, https:\/\/voyageetdestination.fr\/wp-content\/uploads\/2022\/01\/IMG_20211228_165832-1463x2048.jpg 1463w, https:\/\/voyageetdestination.fr\/wp-content\/uploads\/2022\/01\/IMG_20211228_165832-scaled.jpg 1828w\" sizes=\"auto, (max-width: 731px) 100vw, 731px\" \/><figcaption class=\"blocks-gallery-item__caption\">Un des trois rois mages<\/figcaption><\/figure><\/li><\/ul><\/figure>\n\n\n\n<p>Le <strong>deuxi\u00e8me \u00e9tage<\/strong> est r\u00e9serv\u00e9 aux <strong>chambres des enfants <\/strong>avec un ameublement et des d\u00e9corations tellement jolies.<\/p>\n\n\n\n<figure class=\"wp-block-gallery aligncenter columns-3 is-cropped wp-block-gallery-3 is-layout-flex wp-block-gallery-is-layout-flex\"><ul class=\"blocks-gallery-grid\"><li class=\"blocks-gallery-item\"><figure><img loading=\"lazy\" decoding=\"async\" width=\"731\" height=\"1024\" data-attachment-id=\"3479\" data-permalink=\"https:\/\/voyageetdestination.fr\/img_20211228_172119\/\" data-orig-file=\"https:\/\/voyageetdestination.fr\/wp-content\/uploads\/2022\/01\/IMG_20211228_172119-scaled.jpg\" data-orig-size=\"1828,2560\" data-comments-opened=\"1\" data-image-meta=\"{&quot;aperture&quot;:&quot;1.8&quot;,&quot;credit&quot;:&quot;&quot;,&quot;camera&quot;:&quot;HRY-LX1&quot;,&quot;caption&quot;:&quot;&quot;,&quot;created_timestamp&quot;:&quot;1640712081&quot;,&quot;copyright&quot;:&quot;&quot;,&quot;focal_length&quot;:&quot;3.6&quot;,&quot;iso&quot;:&quot;400&quot;,&quot;shutter_speed&quot;:&quot;0.05&quot;,&quot;title&quot;:&quot;&quot;,&quot;orientation&quot;:&quot;0&quot;}\" data-image-title=\"IMG_20211228_172119\" data-image-description=\"\" data-image-caption=\"&lt;p&gt;Le berceau&lt;\/p&gt;\n\" data-large-file=\"https:\/\/voyageetdestination.fr\/wp-content\/uploads\/2022\/01\/IMG_20211228_172119-731x1024.jpg\" src=\"https:\/\/voyageetdestination.fr\/wp-content\/uploads\/2022\/01\/IMG_20211228_172119-731x1024.jpg\" alt=\"\" data-id=\"3479\" class=\"wp-image-3479\" srcset=\"https:\/\/voyageetdestination.fr\/wp-content\/uploads\/2022\/01\/IMG_20211228_172119-731x1024.jpg 731w, https:\/\/voyageetdestination.fr\/wp-content\/uploads\/2022\/01\/IMG_20211228_172119-214x300.jpg 214w, https:\/\/voyageetdestination.fr\/wp-content\/uploads\/2022\/01\/IMG_20211228_172119-768x1075.jpg 768w, https:\/\/voyageetdestination.fr\/wp-content\/uploads\/2022\/01\/IMG_20211228_172119-1097x1536.jpg 1097w, https:\/\/voyageetdestination.fr\/wp-content\/uploads\/2022\/01\/IMG_20211228_172119-1463x2048.jpg 1463w, https:\/\/voyageetdestination.fr\/wp-content\/uploads\/2022\/01\/IMG_20211228_172119-scaled.jpg 1828w\" sizes=\"auto, (max-width: 731px) 100vw, 731px\" \/><\/figure><\/li><li class=\"blocks-gallery-item\"><figure><img loading=\"lazy\" decoding=\"async\" width=\"731\" height=\"1024\" data-attachment-id=\"3480\" data-permalink=\"https:\/\/voyageetdestination.fr\/img_20211228_172232\/\" data-orig-file=\"https:\/\/voyageetdestination.fr\/wp-content\/uploads\/2022\/01\/IMG_20211228_172232-scaled.jpg\" data-orig-size=\"1828,2560\" data-comments-opened=\"1\" data-image-meta=\"{&quot;aperture&quot;:&quot;1.8&quot;,&quot;credit&quot;:&quot;&quot;,&quot;camera&quot;:&quot;HRY-LX1&quot;,&quot;caption&quot;:&quot;&quot;,&quot;created_timestamp&quot;:&quot;1640712154&quot;,&quot;copyright&quot;:&quot;&quot;,&quot;focal_length&quot;:&quot;3.6&quot;,&quot;iso&quot;:&quot;400&quot;,&quot;shutter_speed&quot;:&quot;0.02&quot;,&quot;title&quot;:&quot;&quot;,&quot;orientation&quot;:&quot;0&quot;}\" data-image-title=\"IMG_20211228_172232\" data-image-description=\"\" data-image-caption=\"&lt;p&gt;D\u00e9coration enfantine&lt;\/p&gt;\n\" data-large-file=\"https:\/\/voyageetdestination.fr\/wp-content\/uploads\/2022\/01\/IMG_20211228_172232-731x1024.jpg\" src=\"https:\/\/voyageetdestination.fr\/wp-content\/uploads\/2022\/01\/IMG_20211228_172232-731x1024.jpg\" alt=\"\" data-id=\"3480\" class=\"wp-image-3480\" srcset=\"https:\/\/voyageetdestination.fr\/wp-content\/uploads\/2022\/01\/IMG_20211228_172232-731x1024.jpg 731w, https:\/\/voyageetdestination.fr\/wp-content\/uploads\/2022\/01\/IMG_20211228_172232-214x300.jpg 214w, https:\/\/voyageetdestination.fr\/wp-content\/uploads\/2022\/01\/IMG_20211228_172232-768x1075.jpg 768w, https:\/\/voyageetdestination.fr\/wp-content\/uploads\/2022\/01\/IMG_20211228_172232-1097x1536.jpg 1097w, https:\/\/voyageetdestination.fr\/wp-content\/uploads\/2022\/01\/IMG_20211228_172232-1463x2048.jpg 1463w, https:\/\/voyageetdestination.fr\/wp-content\/uploads\/2022\/01\/IMG_20211228_172232-scaled.jpg 1828w\" sizes=\"auto, (max-width: 731px) 100vw, 731px\" \/><\/figure><\/li><li class=\"blocks-gallery-item\"><figure><img loading=\"lazy\" decoding=\"async\" width=\"731\" height=\"1024\" data-attachment-id=\"3462\" data-permalink=\"https:\/\/voyageetdestination.fr\/img_20211228_172312\/\" data-orig-file=\"https:\/\/voyageetdestination.fr\/wp-content\/uploads\/2022\/01\/IMG_20211228_172312-scaled.jpg\" data-orig-size=\"1828,2560\" data-comments-opened=\"1\" data-image-meta=\"{&quot;aperture&quot;:&quot;1.8&quot;,&quot;credit&quot;:&quot;&quot;,&quot;camera&quot;:&quot;HRY-LX1&quot;,&quot;caption&quot;:&quot;&quot;,&quot;created_timestamp&quot;:&quot;1640712194&quot;,&quot;copyright&quot;:&quot;&quot;,&quot;focal_length&quot;:&quot;3.6&quot;,&quot;iso&quot;:&quot;640&quot;,&quot;shutter_speed&quot;:&quot;0.071428571428571&quot;,&quot;title&quot;:&quot;&quot;,&quot;orientation&quot;:&quot;0&quot;}\" data-image-title=\"IMG_20211228_172312\" data-image-description=\"\" data-image-caption=\"&lt;p&gt;la chemin\u00e9e de la chambre des enfants&lt;\/p&gt;\n\" data-large-file=\"https:\/\/voyageetdestination.fr\/wp-content\/uploads\/2022\/01\/IMG_20211228_172312-731x1024.jpg\" src=\"https:\/\/voyageetdestination.fr\/wp-content\/uploads\/2022\/01\/IMG_20211228_172312-731x1024.jpg\" alt=\"\" data-id=\"3462\" class=\"wp-image-3462\" srcset=\"https:\/\/voyageetdestination.fr\/wp-content\/uploads\/2022\/01\/IMG_20211228_172312-731x1024.jpg 731w, https:\/\/voyageetdestination.fr\/wp-content\/uploads\/2022\/01\/IMG_20211228_172312-214x300.jpg 214w, https:\/\/voyageetdestination.fr\/wp-content\/uploads\/2022\/01\/IMG_20211228_172312-768x1075.jpg 768w, https:\/\/voyageetdestination.fr\/wp-content\/uploads\/2022\/01\/IMG_20211228_172312-1097x1536.jpg 1097w, https:\/\/voyageetdestination.fr\/wp-content\/uploads\/2022\/01\/IMG_20211228_172312-1463x2048.jpg 1463w, https:\/\/voyageetdestination.fr\/wp-content\/uploads\/2022\/01\/IMG_20211228_172312-scaled.jpg 1828w\" sizes=\"auto, (max-width: 731px) 100vw, 731px\" \/><\/figure><\/li><\/ul><\/figure>\n\n\n\n<p>C\u2019est aussi par l\u00e0 que nous acc\u00e9dons au <strong>sommet du donjon <\/strong>pour avoir <strong>une vue splendide des jardins. <\/strong>Et on termine par le <strong>grenier, devenu pour l\u2019occasion une for\u00eat enchant\u00e9e<\/strong>.<\/p>\n\n\n\n<div class=\"wp-block-jetpack-slideshow aligncenter\" data-effect=\"slide\"><div class=\"wp-block-jetpack-slideshow_container swiper-container\"><ul class=\"wp-block-jetpack-slideshow_swiper-wrapper swiper-wrapper\"><li class=\"wp-block-jetpack-slideshow_slide swiper-slide\"><figure><img loading=\"lazy\" decoding=\"async\" width=\"2560\" height=\"1828\" alt=\"\" class=\"wp-block-jetpack-slideshow_image wp-image-3463\" data-id=\"3463\" src=\"https:\/\/voyageetdestination.fr\/wp-content\/uploads\/2022\/01\/IMG_20211228_173523-scaled.jpg\" srcset=\"https:\/\/voyageetdestination.fr\/wp-content\/uploads\/2022\/01\/IMG_20211228_173523-scaled.jpg 2560w, https:\/\/voyageetdestination.fr\/wp-content\/uploads\/2022\/01\/IMG_20211228_173523-300x214.jpg 300w, https:\/\/voyageetdestination.fr\/wp-content\/uploads\/2022\/01\/IMG_20211228_173523-1024x731.jpg 1024w, https:\/\/voyageetdestination.fr\/wp-content\/uploads\/2022\/01\/IMG_20211228_173523-768x549.jpg 768w, https:\/\/voyageetdestination.fr\/wp-content\/uploads\/2022\/01\/IMG_20211228_173523-1536x1097.jpg 1536w, https:\/\/voyageetdestination.fr\/wp-content\/uploads\/2022\/01\/IMG_20211228_173523-2048x1463.jpg 2048w\" sizes=\"(max-width: 2560px) 100vw, 2560px\" \/><figcaption class=\"wp-block-jetpack-slideshow_caption gallery-caption\">D\u00e9cor de No\u00ebl<\/figcaption><\/figure><\/li><li class=\"wp-block-jetpack-slideshow_slide swiper-slide\"><figure><img loading=\"lazy\" decoding=\"async\" width=\"1828\" height=\"2560\" alt=\"\" class=\"wp-block-jetpack-slideshow_image wp-image-3464\" data-id=\"3464\" src=\"https:\/\/voyageetdestination.fr\/wp-content\/uploads\/2022\/01\/IMG_20211228_173802-scaled.jpg\" srcset=\"https:\/\/voyageetdestination.fr\/wp-content\/uploads\/2022\/01\/IMG_20211228_173802-scaled.jpg 1828w, https:\/\/voyageetdestination.fr\/wp-content\/uploads\/2022\/01\/IMG_20211228_173802-214x300.jpg 214w, https:\/\/voyageetdestination.fr\/wp-content\/uploads\/2022\/01\/IMG_20211228_173802-731x1024.jpg 731w, https:\/\/voyageetdestination.fr\/wp-content\/uploads\/2022\/01\/IMG_20211228_173802-768x1075.jpg 768w, https:\/\/voyageetdestination.fr\/wp-content\/uploads\/2022\/01\/IMG_20211228_173802-1097x1536.jpg 1097w, https:\/\/voyageetdestination.fr\/wp-content\/uploads\/2022\/01\/IMG_20211228_173802-1463x2048.jpg 1463w\" sizes=\"(max-width: 1828px) 100vw, 1828px\" \/><figcaption class=\"wp-block-jetpack-slideshow_caption gallery-caption\">La for\u00eat enchant\u00e9e<\/figcaption><\/figure><\/li><li class=\"wp-block-jetpack-slideshow_slide swiper-slide\"><figure><img loading=\"lazy\" decoding=\"async\" width=\"1828\" height=\"2560\" alt=\"\" class=\"wp-block-jetpack-slideshow_image wp-image-3465\" data-id=\"3465\" src=\"https:\/\/voyageetdestination.fr\/wp-content\/uploads\/2022\/01\/IMG_20211228_173936-scaled.jpg\" srcset=\"https:\/\/voyageetdestination.fr\/wp-content\/uploads\/2022\/01\/IMG_20211228_173936-scaled.jpg 1828w, https:\/\/voyageetdestination.fr\/wp-content\/uploads\/2022\/01\/IMG_20211228_173936-214x300.jpg 214w, https:\/\/voyageetdestination.fr\/wp-content\/uploads\/2022\/01\/IMG_20211228_173936-731x1024.jpg 731w, https:\/\/voyageetdestination.fr\/wp-content\/uploads\/2022\/01\/IMG_20211228_173936-768x1075.jpg 768w, https:\/\/voyageetdestination.fr\/wp-content\/uploads\/2022\/01\/IMG_20211228_173936-1097x1536.jpg 1097w, https:\/\/voyageetdestination.fr\/wp-content\/uploads\/2022\/01\/IMG_20211228_173936-1463x2048.jpg 1463w\" sizes=\"(max-width: 1828px) 100vw, 1828px\" \/><figcaption class=\"wp-block-jetpack-slideshow_caption gallery-caption\">Dans le grenier<\/figcaption><\/figure><\/li><\/ul><a class=\"wp-block-jetpack-slideshow_button-prev swiper-button-prev swiper-button-white\" role=\"button\"><\/a><a class=\"wp-block-jetpack-slideshow_button-next swiper-button-next swiper-button-white\" role=\"button\"><\/a><a aria-label=\"Pause Slideshow\" class=\"wp-block-jetpack-slideshow_button-pause\" role=\"button\"><\/a><div class=\"wp-block-jetpack-slideshow_pagination swiper-pagination swiper-pagination-white\"><\/div><\/div><\/div>\n\n\n\n<p><strong>On vous laisse r\u00eaver encore un peu&nbsp;!<\/strong><\/p>\n\n\n\n<p>Belle ann\u00e9e 2022&nbsp;!<\/p>\n\n\n\n<p>\u00c0 bient\u00f4t&nbsp;!<\/p>\n","protected":false},"excerpt":{"rendered":"<p class=\"text-justify\">Quoi de mieux pour entamer une nouvelle ann\u00e9e que de se replonger une derni\u00e8re fois dans la magie de No\u00ebl&nbsp;? C\u2019est parti pour le premier article de 2022&nbsp;! No\u00ebl au Pays des Ch\u00e2teaux Du 4 [&hellip;]<\/p>\n","protected":false},"author":1,"featured_media":3466,"comment_status":"open","ping_status":"open","sticky":false,"template":"","format":"standard","meta":{"jetpack_post_was_ever_published":false,"_jetpack_newsletter_access":"","_jetpack_dont_email_post_to_subs":false,"_jetpack_newsletter_tier_id":0,"_jetpack_memberships_contains_paywalled_content":false,"_jetpack_memberships_contains_paid_content":false,"footnotes":"","jetpack_publicize_message":"","jetpack_publicize_feature_enabled":true,"jetpack_social_post_already_shared":true,"jetpack_social_options":{"image_generator_settings":{"template":"highway","default_image_id":0,"font":"","enabled":false},"version":2}},"categories":[9,5],"tags":[24,52,57,178,175,65,71,81,174,118,176,173,177],"class_list":["post-3460","post","type-post","status-publish","format-standard","has-post-thumbnail","hentry","category-centre-val-de-loire","category-tour-de-france","tag-architecture","tag-chateau","tag-destination","tag-domaine","tag-fete","tag-france","tag-histoire","tag-jardin","tag-noel","tag-patrimoine","tag-touraine","tag-val-de-loire","tag-villandry"],"jetpack_publicize_connections":[],"jetpack_featured_media_url":"https:\/\/voyageetdestination.fr\/wp-content\/uploads\/2022\/01\/IMG_20211228_155701-scaled.jpg","jetpack_sharing_enabled":true,"jetpack_likes_enabled":true,"_links":{"self":[{"href":"https:\/\/voyageetdestination.fr\/index.php\/wp-json\/wp\/v2\/posts\/3460","targetHints":{"allow":["GET"]}}],"collection":[{"href":"https:\/\/voyageetdestination.fr\/index.php\/wp-json\/wp\/v2\/posts"}],"about":[{"href":"https:\/\/voyageetdestination.fr\/index.php\/wp-json\/wp\/v2\/types\/post"}],"author":[{"embeddable":true,"href":"https:\/\/voyageetdestination.fr\/index.php\/wp-json\/wp\/v2\/users\/1"}],"replies":[{"embeddable":true,"href":"https:\/\/voyageetdestination.fr\/index.php\/wp-json\/wp\/v2\/comments?post=3460"}],"version-history":[{"count":9,"href":"https:\/\/voyageetdestination.fr\/index.php\/wp-json\/wp\/v2\/posts\/3460\/revisions"}],"predecessor-version":[{"id":3488,"href":"https:\/\/voyageetdestination.fr\/index.php\/wp-json\/wp\/v2\/posts\/3460\/revisions\/3488"}],"wp:featuredmedia":[{"embeddable":true,"href":"https:\/\/voyageetdestination.fr\/index.php\/wp-json\/wp\/v2\/media\/3466"}],"wp:attachment":[{"href":"https:\/\/voyageetdestination.fr\/index.php\/wp-json\/wp\/v2\/media?parent=3460"}],"wp:term":[{"taxonomy":"category","embeddable":true,"href":"https:\/\/voyageetdestination.fr\/index.php\/wp-json\/wp\/v2\/categories?post=3460"},{"taxonomy":"post_tag","embeddable":true,"href":"https:\/\/voyageetdestination.fr\/index.php\/wp-json\/wp\/v2\/tags?post=3460"}],"curies":[{"name":"wp","href":"https:\/\/api.w.org\/{rel}","templated":true}]}}