{"id":2082,"date":"2021-08-18T18:00:00","date_gmt":"2021-08-18T17:00:00","guid":{"rendered":"https:\/\/voyageetdestination.fr\/?p=2082"},"modified":"2021-11-13T22:31:43","modified_gmt":"2021-11-13T21:31:43","slug":"les-bords-de-lerdre-de-nantes-a-nort-sur-erdre","status":"publish","type":"post","link":"https:\/\/voyageetdestination.fr\/index.php\/2021\/08\/18\/les-bords-de-lerdre-de-nantes-a-nort-sur-erdre\/","title":{"rendered":"Les bords de l&rsquo;Erdre : de Nantes \u00e0 Nort-sur-Erdre"},"content":{"rendered":"\n<p class=\"has-drop-cap has-text-align-left\">Cette fois-ci, nous repartons en <a href=\"https:\/\/voyageetdestination.fr\/index.php\/2021\/01\/26\/visiter-nantes\/\" data-type=\"URL\" data-id=\"https:\/\/voyageetdestination.fr\/index.php\/2021\/01\/26\/visiter-nantes\/\" target=\"_blank\" rel=\"noreferrer noopener\">Pays nantais<\/a> (<a rel=\"noreferrer noopener\" href=\"https:\/\/voyageetdestination.fr\/index.php\/en-loire-atlantique\/\" data-type=\"URL\" data-id=\"https:\/\/voyageetdestination.fr\/index.php\/en-loire-atlantique\/\" target=\"_blank\">Loire-Atlantique<\/a>), et plus pr\u00e9cis\u00e9ment aux bords de l&rsquo;Erdre, la rivi\u00e8re qui traverse la Cit\u00e9 des Ducs et se jette dans la Loire. <\/p>\n\n\n\n<p class=\"has-large-font-size\"><strong>Une rivi\u00e8re \u00e0 Nantes<\/strong><\/p>\n\n\n\n<div class=\"wp-block-image\"><figure class=\"aligncenter size-large\"><img decoding=\"async\" src=\"https:\/\/voyageetdestination.fr\/wp-content\/uploads\/2021\/11\/xt-30_nantes120720_-79.jpg\" alt=\"\" class=\"wp-image-2099\"\/><figcaption>L&rsquo;Erdre \u00e0 Nantes<\/figcaption><\/figure><\/div>\n\n\n\n<ul class=\"wp-block-list\"><li><strong>Nantes<\/strong><\/li><\/ul>\n\n\n\n<p><strong>En plein c\u0153ur de <a href=\"https:\/\/voyageetdestination.fr\/index.php\/2021\/01\/26\/visiter-nantes\/\" data-type=\"URL\" data-id=\"https:\/\/voyageetdestination.fr\/index.php\/2021\/01\/26\/visiter-nantes\/\" target=\"_blank\" rel=\"noreferrer noopener\">Nantes<\/a><\/strong>, la rivi\u00e8re de l&rsquo;Erdre offre un petit coin de verdure pour se promener le long des rives ou sur l&rsquo;eau. C&rsquo;est aussi un bon endroit pour appr\u00e9cier un repas ou petit verre en terrasse. Au <strong><a rel=\"noreferrer noopener\" href=\"https:\/\/www.lelieuunique.com\/\" target=\"_blank\">Lieu Unique<\/a><\/strong> par exemple, site incontournable du patrimoine industriel nantais, \u00e0 c\u00f4t\u00e9 du <strong>Canal Saint-F\u00e9lix<\/strong>.<\/p>\n\n\n\n<p>Disparaissant en souterrain, l&rsquo;Erdre passe sous le <strong>ch\u00e2teau des Ducs de Bretagne<\/strong>, avant de ressurgir <strong>Quai de C\u00e9neray <\/strong>en face de la <strong>Pr\u00e9fecture<\/strong>. <\/p>\n\n\n\n<p>Juste \u00e0 c\u00f4t\u00e9 se trouve le monument du <strong>Cours des 50-Otages<\/strong>. Cette colonne tire son nom du destin tragique de 48 otages ayant \u00e9t\u00e9 ex\u00e9cut\u00e9s \u00e0 Nantes, Paris et Ch\u00e2teaubriand en repr\u00e9sailles de l&rsquo;assassinat d&rsquo;un haut grad\u00e9 nazi. Il occupait alors la ville de Nantes en 1940. <\/p>\n\n\n\n<p>Le m\u00e9morial en bronze longe la rivi\u00e8re. <\/p>\n\n\n\n<p>Autour, les quais sont assez particuliers, car si vous regardez attentivement vous verrez que les maisons sont de travers. C&rsquo;est li\u00e9 \u00e0 l&rsquo;instabilit\u00e9 du sol.  En regardant au loin, on y voit \u00e9galement la tour de Bretagne. <\/p>\n\n\n\n<div class=\"wp-block-image\"><figure class=\"aligncenter size-large\"><img decoding=\"async\" src=\"https:\/\/voyageetdestination.fr\/wp-content\/uploads\/2021\/11\/xt-30_nantes120720_-77.jpg\" alt=\"\" class=\"wp-image-2095\"\/><figcaption>Erdre &amp; le Cours des 50-Otages<\/figcaption><\/figure><\/div>\n\n\n\n<p>En longeant l&rsquo;autre rive, on se retrouve <strong>Quai de Versailles.<\/strong> Il nous m\u00e8ne directement \u00e0 l&rsquo;<strong>\u00eele<\/strong> qui se nomme de la m\u00eame mani\u00e8re. Le <strong>jardin qui s&rsquo;y trouve nous transporte au Japon<\/strong> comme nous en avons d\u00e9j\u00e0 parl\u00e9 <a rel=\"noreferrer noopener\" href=\"https:\/\/wordpress.com\/post\/voyageetdestination.wordpress.com\/1772\" target=\"_blank\">ici<\/a>. <\/p>\n\n\n\n<div class=\"wp-block-image\"><figure class=\"aligncenter size-large\"><img decoding=\"async\" src=\"https:\/\/voyageetdestination.fr\/wp-content\/uploads\/2021\/11\/xt-30_nantes120720_-81.jpg\" alt=\"\" class=\"wp-image-2098\"\/><figcaption>L&rsquo;\u00cele de Versailles<\/figcaption><\/figure><\/div>\n\n\n\n<p>Si l&rsquo;envie vous prend de continuer vers le nord <strong>en remontant la rivi\u00e8re<\/strong>, vous d\u00e9couvrirez sur votre route un vrai <strong>espace naturel <\/strong>qui fait office de r\u00e9serve pour de nombreux animaux, dont certaines esp\u00e8ces d&rsquo;oiseaux. <\/p>\n\n\n\n<p><\/p>\n\n\n\n<p>Sur la rive gauche, on aper\u00e7oit de <strong>belles demeures luxueuses<\/strong> aux grands jardins\u202f; sur la rive droite, vous passerez par le <strong>Parc floral de la Roseraie<\/strong>, puis l&rsquo;immense <strong>Parc de la Chantrerie<\/strong>. Il se situe au bord d&rsquo;un <strong>port de plaisance<\/strong> et en face du <strong>ch\u00e2teau de la Gascherie<\/strong>, \u00e0 la <strong>Chapelle-sur-Erdre.<\/strong> <\/p>\n\n\n\n<div class=\"wp-block-image\"><figure class=\"aligncenter size-large\"><img decoding=\"async\" src=\"https:\/\/voyageetdestination.fr\/wp-content\/uploads\/2021\/11\/bords-de-erdre_17072020-5.jpg\" alt=\"\" class=\"wp-image-2093\"\/><figcaption>Un port de plaisance<\/figcaption><\/figure><\/div>\n\n\n\n<ul class=\"wp-block-list\"><li><strong>Au-del\u00e0 de Nantes<\/strong> : La Chapelle-sur-Erdre, Carquefou &amp; Suc\u00e9-sur-Erdre<\/li><\/ul>\n\n\n\n<p>Dans les environs, n&rsquo;h\u00e9sitez pas \u00e0 profiter d&rsquo;un d\u00eener \u00e0 bord de certains bateaux ou encore \u00e0 faire ressortir votre \u00e2me de sportif. Des activit\u00e9s vari\u00e9es comme le <strong>cano\u00eb, l&rsquo;aviron ou la voile<\/strong> sont accessibles par ici. <\/p>\n\n\n\n<div class=\"wp-block-image\"><figure class=\"aligncenter size-large\"><img decoding=\"async\" src=\"https:\/\/voyageetdestination.fr\/wp-content\/uploads\/2021\/11\/bords-de-erdre_17072020-8.jpg\" alt=\"\" class=\"wp-image-2090\"\/><figcaption>Un bateau sur l&rsquo;Erdre<\/figcaption><\/figure><\/div>\n\n\n\n<p>Tout bient\u00f4t, \u00e0 partir du <strong>23 et jusqu&rsquo;au 29 ao\u00fbt 202<\/strong>1 &#8211; comme tous les ans &#8211; c&rsquo;est les <strong><a rel=\"noreferrer noopener\" href=\"http:\/\/www.rendezvouserdre.com\/\" target=\"_blank\">Rendez-vous de l&rsquo;Erdre<\/a><\/strong> qui seront organis\u00e9s. Il s&rsquo;agit d&rsquo;un <strong>festival de jazz<\/strong> programm\u00e9 \u00e0 Nantes et sur diff\u00e9rentes communes avoisinantes : La Chapelle-sur-Erdre, Carquefou, ou encore Suc\u00e9-sur-Erdre. Les artistes y jouent le long des berges, et sur l&rsquo;eau ! <\/p>\n\n\n\n<p>C&rsquo;est l&rsquo;occasion de fl\u00e2ner dans ces petites villes en suivant la musique. Le patrimoine historique y montre encore de belles traces du pass\u00e9. <\/p>\n\n\n\n<ul class=\"wp-block-list\"><li><strong>Nort-sur-Erdre<\/strong><\/li><\/ul>\n\n\n\n<p>Pour finir notre balade le long de l&rsquo;Erdre, nous nous rendons \u00e0 <strong>Nort-sur-Erdre<\/strong>, b\u00e2ti sur un<strong> ancien<\/strong> <strong>village gallo-romain<\/strong>. On y retrouve la rivi\u00e8re qui traverse la commune, un <strong>grand bassin <\/strong>r\u00e9alis\u00e9 pour le commerce et qui est devenu un port de plaisance, ainsi que le fameux <strong>Canal de Nantes \u00e0 Brest<\/strong>. Nous l&rsquo;avons d\u00e9j\u00e0 \u00e9voqu\u00e9 lorsque nous \u00e9tions \u00e0 <strong><a rel=\"noreferrer noopener\" href=\"https:\/\/wordpress.com\/post\/voyageetdestination.wordpress.com\/1294\" target=\"_blank\">Blain<\/a><\/strong>, encore un peu plus vers le nord.<\/p>\n\n\n\n<figure class=\"wp-block-gallery aligncenter columns-3 is-cropped wp-block-gallery-1 is-layout-flex wp-block-gallery-is-layout-flex\"><ul class=\"blocks-gallery-grid\"><li class=\"blocks-gallery-item\"><figure><img decoding=\"async\" src=\"https:\/\/voyageetdestination.fr\/wp-content\/uploads\/2021\/11\/dsf4377_1.jpg\" alt=\"\" data-id=\"2085\" class=\"wp-image-2085\"\/><\/figure><\/li><li class=\"blocks-gallery-item\"><figure><img decoding=\"async\" src=\"https:\/\/voyageetdestination.fr\/wp-content\/uploads\/2021\/11\/dsf4401.jpg\" alt=\"\" data-id=\"2094\" class=\"wp-image-2094\"\/><\/figure><\/li><li class=\"blocks-gallery-item\"><figure><img decoding=\"async\" src=\"https:\/\/voyageetdestination.fr\/wp-content\/uploads\/2021\/11\/dsf4416.jpg\" alt=\"\" data-id=\"2096\" class=\"wp-image-2096\"\/><\/figure><\/li><\/ul><\/figure>\n\n\n\n<p class=\"has-text-align-center has-dark-gray-color has-text-color\"><em>Nort-sur-Erdre<\/em><\/p>\n\n\n\n<p><strong>A pied, \u00e0 v\u00e9lo, en cano\u00eb ou en bateau, l&rsquo;Erdre est une rivi\u00e8re qui permet d&rsquo;avoir un vrai poumon de verdure \u00e0 Nantes. C&rsquo;est d&rsquo;ailleurs une belle r\u00e9serve naturelle pour pr\u00e9server un large territoire aux abords du cours d&rsquo;eau. <\/strong><\/p>\n\n\n\n<p><strong>Un petit plus \u00e0 d\u00e9couvrir lors de votre visite, pour se mettre au vert et au frais ! <\/strong><\/p>\n\n\n\n<p><\/p>\n\n\n\n<p class=\"has-large-font-size\"><strong>Et apr\u00e8s ? <\/strong><\/p>\n\n\n\n<p>Comme nous avons migr\u00e9 vers l&rsquo;<a href=\"https:\/\/voyageetdestination.fr\/index.php\/en-alsace\/\" data-type=\"URL\" data-id=\"https:\/\/voyageetdestination.fr\/index.php\/en-alsace\/\" target=\"_blank\" rel=\"noreferrer noopener\">est de la France<\/a>, nous avons encore quelques sites \u00e0 vous faire partager. Le tout avant un changement radical d&rsquo;horizon ! <\/p>\n\n\n\n<p>\u00c0 tr\u00e8s vite ! <\/p>\n","protected":false},"excerpt":{"rendered":"<p class=\"text-justify\">Cette fois-ci, nous repartons en Pays nantais (Loire-Atlantique), et plus pr\u00e9cis\u00e9ment aux bords de l&rsquo;Erdre, la rivi\u00e8re qui traverse la Cit\u00e9 des Ducs et se jette dans la Loire. Une rivi\u00e8re \u00e0 Nantes Nantes En [&hellip;]<\/p>\n","protected":false},"author":1,"featured_media":3227,"comment_status":"open","ping_status":"open","sticky":false,"template":"","format":"standard","meta":{"jetpack_post_was_ever_published":false,"_jetpack_newsletter_access":"","_jetpack_dont_email_post_to_subs":false,"_jetpack_newsletter_tier_id":0,"_jetpack_memberships_contains_paywalled_content":false,"_jetpack_memberships_contains_paid_content":false,"footnotes":"","jetpack_publicize_message":"","jetpack_publicize_feature_enabled":true,"jetpack_social_post_already_shared":false,"jetpack_social_options":{"image_generator_settings":{"template":"highway","default_image_id":0,"font":"","enabled":false},"version":2}},"categories":[12,14,5],"tags":[24,34,43,45,52,60,65,71,82,88,89,97,101,103,105,118,121,129,132,144],"class_list":["post-2082","post","type-post","status-publish","format-standard","has-post-thumbnail","hentry","category-loire-atlantique","category-pays-de-la-loire","category-tour-de-france","tag-architecture","tag-blain","tag-canal","tag-carquefou","tag-chateau","tag-erdre","tag-france","tag-histoire","tag-la-chapelle-sur-erdre","tag-loire","tag-loire-atlantique","tag-medieval","tag-nantes","tag-nature","tag-nort-sur-erdre","tag-patrimoine","tag-pays-de-la-loire","tag-port","tag-riviere","tag-suce-sur-erdre"],"jetpack_publicize_connections":[],"jetpack_featured_media_url":"https:\/\/voyageetdestination.fr\/wp-content\/uploads\/2021\/08\/DSF7374-scaled.jpg","jetpack_sharing_enabled":true,"jetpack_likes_enabled":true,"_links":{"self":[{"href":"https:\/\/voyageetdestination.fr\/index.php\/wp-json\/wp\/v2\/posts\/2082","targetHints":{"allow":["GET"]}}],"collection":[{"href":"https:\/\/voyageetdestination.fr\/index.php\/wp-json\/wp\/v2\/posts"}],"about":[{"href":"https:\/\/voyageetdestination.fr\/index.php\/wp-json\/wp\/v2\/types\/post"}],"author":[{"embeddable":true,"href":"https:\/\/voyageetdestination.fr\/index.php\/wp-json\/wp\/v2\/users\/1"}],"replies":[{"embeddable":true,"href":"https:\/\/voyageetdestination.fr\/index.php\/wp-json\/wp\/v2\/comments?post=2082"}],"version-history":[{"count":3,"href":"https:\/\/voyageetdestination.fr\/index.php\/wp-json\/wp\/v2\/posts\/2082\/revisions"}],"predecessor-version":[{"id":3351,"href":"https:\/\/voyageetdestination.fr\/index.php\/wp-json\/wp\/v2\/posts\/2082\/revisions\/3351"}],"wp:featuredmedia":[{"embeddable":true,"href":"https:\/\/voyageetdestination.fr\/index.php\/wp-json\/wp\/v2\/media\/3227"}],"wp:attachment":[{"href":"https:\/\/voyageetdestination.fr\/index.php\/wp-json\/wp\/v2\/media?parent=2082"}],"wp:term":[{"taxonomy":"category","embeddable":true,"href":"https:\/\/voyageetdestination.fr\/index.php\/wp-json\/wp\/v2\/categories?post=2082"},{"taxonomy":"post_tag","embeddable":true,"href":"https:\/\/voyageetdestination.fr\/index.php\/wp-json\/wp\/v2\/tags?post=2082"}],"curies":[{"name":"wp","href":"https:\/\/api.w.org\/{rel}","templated":true}]}}