{"id":1149,"date":"2020-08-18T18:00:00","date_gmt":"2020-08-18T17:00:00","guid":{"rendered":"https:\/\/voyageetdestination.fr\/?p=1149"},"modified":"2021-11-13T22:25:30","modified_gmt":"2021-11-13T21:25:30","slug":"decouvrir-caen","status":"publish","type":"post","link":"https:\/\/voyageetdestination.fr\/index.php\/2020\/08\/18\/decouvrir-caen\/","title":{"rendered":"D\u00e9couvrir Caen"},"content":{"rendered":"\n<p class=\"has-text-align-center has-normal-font-size\"><strong>Normandie | Etape 6 | Caen<\/strong><\/p>\n\n\n\n<p class=\"has-drop-cap\">Caen, dans le Calvados, est une tr\u00e8s belle destination pour qui appr\u00e9cie l&rsquo;Histoire et le patrimoine. <\/p>\n\n\n\n<p>Surnomm\u00e9e la \u00ab\u00a0Ville aux cent clochers\u00a0\u00bb &#8211; en raison de ses nombreux b\u00e2timents religieux -, c&rsquo;est aussi la cit\u00e9 de Guillaume le Conqu\u00e9rant et, avec Rouen, l&rsquo;autre capitale de l&rsquo;ancien Duch\u00e9 de <a rel=\"noreferrer noopener\" href=\"https:\/\/voyageetdestination.fr\/index.php\/en-normandie\/\" data-type=\"URL\" data-id=\"https:\/\/voyageetdestination.fr\/index.php\/en-normandie\/\" target=\"_blank\">Normandie<\/a>. <\/p>\n\n\n\n<div class=\"wp-block-image\"><figure class=\"aligncenter size-large is-resized\"><img loading=\"lazy\" decoding=\"async\" src=\"https:\/\/voyageetdestination.fr\/wp-content\/uploads\/2021\/11\/img_20190802_131633.jpg\" alt=\"\" class=\"wp-image-1187\" width=\"694\" height=\"925\"\/><figcaption>L&rsquo;Abbaye aux Hommes<\/figcaption><\/figure><\/div>\n\n\n\n<p class=\"has-large-font-size\"><strong>Un peu d&rsquo;Histoire<\/strong><\/p>\n\n\n\n<p>Caen s&rsquo;est majoritairement d\u00e9velopp\u00e9e au 10<sup>\u00e8me<\/sup> si\u00e8cle. En parall\u00e8le, c&rsquo;est  le grand Duch\u00e9 de Normandie (911 &#8211; 1469) qui s&rsquo;\u00e9tend, ind\u00e9pendamment de la couronne de France jusqu&rsquo;au 13<sup>\u00e8me<\/sup> si\u00e8cle.<\/p>\n\n\n\n<p>L&rsquo;Histoire de la Normandie est largement li\u00e9e \u00e0 celles des peuples nordiques, les Vikings, et au Royaume d&rsquo;Angleterre. <\/p>\n\n\n\n<p>Le Duch\u00e9 de Normandie, fond\u00e9 par Rollon, chef viking a qui le Roi de France avait confi\u00e9 un territoire pr\u00e8s de Rouen, prosp\u00e8re jusqu&rsquo;au 11<sup>\u00e8me<\/sup> si\u00e8cle. C&rsquo;est \u00e0 partir de cette p\u00e9riode qu&rsquo;il atteint son apog\u00e9e sous Guillaume le Conqu\u00e9rant. Ce dernier a conquis le Royaume d&rsquo;Angleterre en 1066, reliant ainsi l&rsquo;Angleterre et la France pendant pr\u00e8s de 150 ans. <\/p>\n\n\n\n<p>L&rsquo;\u00c2ge d&rsquo;or du Duch\u00e9 de Normandie s&rsquo;\u00e9teint ensuite quand le Roi de France Philippe Auguste confisque la Normandie, en 1204, pour la rattacher au domaine de France. <\/p>\n\n\n\n<p class=\"has-large-font-size\"><strong>Pendant la Seconde Guerre mondiale<\/strong> <\/p>\n\n\n\n<p>Un des \u00e9v\u00e9nements marquants du D\u00e9barquement de Normandie, c&rsquo;est bien \u00e9videmment la bataille de Caen, et donc les diff\u00e9rents combats qui ont eu lieu \u00e0 l&rsquo;arriv\u00e9e des Alli\u00e9s. L&rsquo;un des objectifs principaux \u00e9tait de reprendre la \u00ab&nbsp;capitale normande&nbsp;\u00bb aux Allemands. Bien qu&rsquo;\u00e0 l&rsquo;origine la ville devait \u00eatre lib\u00e9r\u00e9e d\u00e8s le 6 juin, il a finalement fallu pas moins de 6 semaines, du 6 juin au 13 ao\u00fbt 1944, pour reprendre le contr\u00f4le de Caen, d&rsquo;o\u00f9 la destruction d&rsquo;une partie de son patrimoine architectural. <\/p>\n\n\n\n<p>Malgr\u00e9 l&rsquo;\u00e9tape d\u00e9cisive qu&rsquo;a \u00e9t\u00e9 la Seconde Guerre mondiale et surtout cette bataille sur le territoire caennais, la ville de Caen a pu garder un patrimoine historique tr\u00e8s riche. <\/p>\n\n\n\n<p class=\"has-large-font-size\"><strong>Les sites embl\u00e9matiques<\/strong><\/p>\n\n\n\n<ul class=\"wp-block-list\"><li><strong>Le Ch\u00e2teau de Caen<\/strong><\/li><\/ul>\n\n\n\n<p>B\u00e2ti aux alentours de 1060 par Guillaume de Conqu\u00e9rant, qui a v\u00e9ritablement laiss\u00e9 son empreinte sur la ville, est devenu au fil des si\u00e8cles le ch\u00e2teau favori des ducs de Normandie et des rois d&rsquo;Angleterre. Avec plus de 5 hectares, c&rsquo;est l&rsquo;un des plus grands ch\u00e2teaux d&rsquo;Europe. Il avait aussi une tr\u00e8s haute importance strat\u00e9gique, et ce surtout pendant la guerre de Cent Ans, opposant les royaumes d&rsquo;Angleterre et de France (14<sup>\u00e8me<\/sup>-15<sup>\u00e8me<\/sup> si\u00e8cles). Certaines salles et les vestiges du donjon sont encore visibles. <\/p>\n\n\n\n<ul class=\"wp-block-list\"><li><strong>Les deux Abbayes<\/strong><\/li><\/ul>\n\n\n\n<p>Caen ne compte pas moins de deux Abbayes : l&rsquo;Abbaye aux Dames et l&rsquo;Abbaye aux Hommes. <\/p>\n\n\n\n<p>L&rsquo;<strong>Abbaye aux Dames<\/strong>, de style roman, raconte 950 ans d&rsquo;histoire. Fond\u00e9e par Mathilde de Flandre, \u00e9pouse de Guillaume le Conqu\u00e9rant, Duchesse de Normandie et Reine d&rsquo;Angleterre (rien que \u00e7a), vous pourrez y explorer la crypte et le couvent. On y trouve encore la tombe de la Reine Mathilde et l&rsquo;entr\u00e9e y est libre. <\/p>\n\n\n\n<p>Non loin, c&rsquo;est l&rsquo;<strong>Abbaye aux Hommes<\/strong> que vous pourrez visiter. Fond\u00e9e en 1063 par Guillaume le Conqu\u00e9rant. C&rsquo;est d\u2019ailleurs dans l&rsquo;abbatiale que se trouve toujours son tombeau.<\/p>\n\n\n\n<div class=\"wp-block-image\"><figure class=\"aligncenter size-large is-resized\"><img loading=\"lazy\" decoding=\"async\" src=\"https:\/\/voyageetdestination.fr\/wp-content\/uploads\/2021\/11\/img_20190802_133242.jpg\" alt=\"\" class=\"wp-image-1189\" width=\"476\" height=\"633\"\/><figcaption>L&rsquo;abbatiale de l&rsquo;Abbaye aux Hommes<\/figcaption><\/figure><\/div>\n\n\n\n<div class=\"wp-block-image\"><figure class=\"aligncenter size-large is-resized\"><img loading=\"lazy\" decoding=\"async\" src=\"https:\/\/voyageetdestination.fr\/wp-content\/uploads\/2021\/11\/img_20190802_132547.jpg\" alt=\"\" class=\"wp-image-1188\" width=\"470\" height=\"626\"\/><figcaption>Dans l&rsquo;Abbaye aux Hommes<\/figcaption><\/figure><\/div>\n\n\n\n<p>Les b\u00e2timents du 18<sup>\u00e8me<\/sup> si\u00e8cle, le Clo\u00eetre, la Salle des Gardes et certaines autres pi\u00e8ces sont d\u00e9sormais int\u00e9gr\u00e9s \u00e0 l&rsquo;H\u00f4tel de Ville de Caen.<\/p>\n\n\n\n<ul class=\"wp-block-list\"><li><strong>L&rsquo;\u00e9glise du Vieux Saint-Sauveur<\/strong><\/li><\/ul>\n\n\n\n<p>Sa construction en plusieurs \u00e9tapes, du 11<sup>\u00e8me<\/sup> au 15<sup>\u00e8me<\/sup> t\u00e9moigne des diff\u00e9rents styles architecturaux (roman, gothique flamboyant, renaissance). <\/p>\n\n\n\n<ul class=\"wp-block-list\"><li><strong>L&rsquo;\u00e9glise Saint-Etienne-le-Vieux<\/strong><\/li><\/ul>\n\n\n\n<p>Cette \u00e9glise, qui n&rsquo;est pas visitable, se rep\u00e8re pourtant de loin. Construite du 10<sup>\u00e8me<\/sup> au 15<sup>\u00e8me<\/sup> si\u00e8cle. Elle est en partie d\u00e9truite en 1944.<\/p>\n\n\n\n<figure class=\"wp-block-image size-large\"><img decoding=\"async\" src=\"https:\/\/voyageetdestination.fr\/wp-content\/uploads\/2021\/11\/img_20190802_131115.jpg\" alt=\"\" class=\"wp-image-1185\"\/><figcaption>Vestiges de l&rsquo;\u00e9glise du Veux Saint-Sauveur<\/figcaption><\/figure>\n\n\n\n<ul class=\"wp-block-list\"><li><strong>Le port de plaisance<\/strong><\/li><\/ul>\n\n\n\n<p>En plein centre de la ville, il relie Caen \u00e0 la mer au niveau de la ville de Ouistreham, \u00e0 environ 15 km de l\u00e0.<\/p>\n\n\n\n<ul class=\"wp-block-list\"><li><strong>La Place Saint-Sauveur et les rues de Caen<\/strong><\/li><\/ul>\n\n\n\n<p>C&rsquo;est l&rsquo;un des plus anciens espaces de la ville. Quasiment \u00e9pargn\u00e9e par la bataille de 1944, cette place fait preuve de beaucoup de charme, comme les rues et ruelles tout autour. <\/p>\n\n\n\n<div class=\"wp-block-jetpack-tiled-gallery is-style-columns\"><div class=\"tiled-gallery__gallery\"><div class=\"tiled-gallery__row\"><div class=\"tiled-gallery__col\" style=\"flex-basis:23.852950379887368%\"><figure class=\"tiled-gallery__item\"><img decoding=\"async\" role=\"button\" tabindex=\"0\" aria-label=\"Ouvrir l\u2019image 1 sur 3 en plein \u00e9cran\"srcset=\"https:\/\/i2.wp.com\/voyageetdestination.fr\/wp-content\/uploads\/2021\/11\/img_20190802_135005.jpg?strip=info&#038;w=600&#038;ssl=1 600w,https:\/\/i2.wp.com\/voyageetdestination.fr\/wp-content\/uploads\/2021\/11\/img_20190802_135005.jpg?strip=info&#038;w=900&#038;ssl=1 900w,https:\/\/i2.wp.com\/voyageetdestination.fr\/wp-content\/uploads\/2021\/11\/img_20190802_135005.jpg?strip=info&#038;w=1200&#038;ssl=1 1200w,https:\/\/i2.wp.com\/voyageetdestination.fr\/wp-content\/uploads\/2021\/11\/img_20190802_135005.jpg?strip=info&#038;w=1500&#038;ssl=1 1500w,https:\/\/i2.wp.com\/voyageetdestination.fr\/wp-content\/uploads\/2021\/11\/img_20190802_135005.jpg?strip=info&#038;w=1800&#038;ssl=1 1800w,https:\/\/i2.wp.com\/voyageetdestination.fr\/wp-content\/uploads\/2021\/11\/img_20190802_135005.jpg?strip=info&#038;w=2000&#038;ssl=1 2000w\" data-height=\"3165\" data-id=\"1191\" data-link=\"https:\/\/voyageetdestination.fr\/img_20190802_135005\/\" data-url=\"https:\/\/voyageetdestination.fr\/wp-content\/uploads\/2021\/11\/img_20190802_135005.jpg\" data-width=\"2374\" src=\"https:\/\/i2.wp.com\/voyageetdestination.fr\/wp-content\/uploads\/2021\/11\/img_20190802_135005.jpg?ssl=1\" data-amp-layout=\"responsive\"\/><\/figure><\/div><div class=\"tiled-gallery__col\" style=\"flex-basis:44.39225397903129%\"><figure class=\"tiled-gallery__item\"><img decoding=\"async\" role=\"button\" tabindex=\"0\" aria-label=\"Ouvrir l\u2019image 2 sur 3 en plein \u00e9cran\"srcset=\"https:\/\/i1.wp.com\/voyageetdestination.fr\/wp-content\/uploads\/2021\/11\/img_20190802_130254.jpg?strip=info&#038;w=600&#038;ssl=1 600w,https:\/\/i1.wp.com\/voyageetdestination.fr\/wp-content\/uploads\/2021\/11\/img_20190802_130254.jpg?strip=info&#038;w=900&#038;ssl=1 900w,https:\/\/i1.wp.com\/voyageetdestination.fr\/wp-content\/uploads\/2021\/11\/img_20190802_130254.jpg?strip=info&#038;w=1200&#038;ssl=1 1200w,https:\/\/i1.wp.com\/voyageetdestination.fr\/wp-content\/uploads\/2021\/11\/img_20190802_130254.jpg?strip=info&#038;w=1500&#038;ssl=1 1500w,https:\/\/i1.wp.com\/voyageetdestination.fr\/wp-content\/uploads\/2021\/11\/img_20190802_130254.jpg?strip=info&#038;w=1800&#038;ssl=1 1800w,https:\/\/i1.wp.com\/voyageetdestination.fr\/wp-content\/uploads\/2021\/11\/img_20190802_130254.jpg?strip=info&#038;w=2000&#038;ssl=1 2000w\" data-height=\"1999\" data-id=\"1183\" data-link=\"https:\/\/voyageetdestination.fr\/img_20190802_130254\/\" data-url=\"https:\/\/voyageetdestination.fr\/wp-content\/uploads\/2021\/11\/img_20190802_130254.jpg\" data-width=\"2798\" src=\"https:\/\/i1.wp.com\/voyageetdestination.fr\/wp-content\/uploads\/2021\/11\/img_20190802_130254.jpg?ssl=1\" data-amp-layout=\"responsive\"\/><\/figure><\/div><div class=\"tiled-gallery__col\" style=\"flex-basis:31.75479564108135%\"><figure class=\"tiled-gallery__item\"><img decoding=\"async\" role=\"button\" tabindex=\"0\" aria-label=\"Ouvrir l\u2019image 3 sur 3 en plein \u00e9cran\"srcset=\"https:\/\/i2.wp.com\/voyageetdestination.fr\/wp-content\/uploads\/2021\/11\/img_20190802_134359.jpg?strip=info&#038;w=600&#038;ssl=1 600w,https:\/\/i2.wp.com\/voyageetdestination.fr\/wp-content\/uploads\/2021\/11\/img_20190802_134359.jpg?strip=info&#038;w=900&#038;ssl=1 900w,https:\/\/i2.wp.com\/voyageetdestination.fr\/wp-content\/uploads\/2021\/11\/img_20190802_134359.jpg?strip=info&#038;w=1200&#038;ssl=1 1200w,https:\/\/i2.wp.com\/voyageetdestination.fr\/wp-content\/uploads\/2021\/11\/img_20190802_134359.jpg?strip=info&#038;w=1500&#038;ssl=1 1500w,https:\/\/i2.wp.com\/voyageetdestination.fr\/wp-content\/uploads\/2021\/11\/img_20190802_134359.jpg?strip=info&#038;w=1800&#038;ssl=1 1800w,https:\/\/i2.wp.com\/voyageetdestination.fr\/wp-content\/uploads\/2021\/11\/img_20190802_134359.jpg?strip=info&#038;w=2000&#038;ssl=1 2000w\" data-height=\"2448\" data-id=\"1190\" data-link=\"https:\/\/voyageetdestination.fr\/img_20190802_134359\/\" data-url=\"https:\/\/voyageetdestination.fr\/wp-content\/uploads\/2021\/11\/img_20190802_134359.jpg\" data-width=\"2448\" src=\"https:\/\/i2.wp.com\/voyageetdestination.fr\/wp-content\/uploads\/2021\/11\/img_20190802_134359.jpg?ssl=1\" data-amp-layout=\"responsive\"\/><\/figure><\/div><\/div><\/div><\/div>\n\n\n\n<p class=\"has-large-font-size\"><strong>Le M\u00e9morial de Caen<\/strong><\/p>\n\n\n\n<p>Pour garder en m\u00e9moire, les moments cl\u00e9s de la Seconde Guerre mondiale, c&rsquo;est \u00e9galement \u00e0 Caen que se trouve le <strong>M\u00e9morial pour la Paix<\/strong>, reconnu internationalement. <\/p>\n\n\n\n<p>Il est effectivement le mus\u00e9e de r\u00e9f\u00e9rence sur l&rsquo;histoire de cette guerre et le D\u00e9barquement. <\/p>\n\n\n\n<p>Il retrace fid\u00e8lement la p\u00e9riode allant de la Seconde Guerre mondiale \u00e0 la fin de la Guerre froide, en racontant la mont\u00e9e du fascisme en Europe, la Shoah ou encore le D\u00e9barquement de Normandie, le tout de mani\u00e8re tr\u00e8s interactive. De son ouverture en 1988 \u00e0 aujourd&rsquo;hui, ce mus\u00e9e est bel est bien en perp\u00e9tuelle \u00e9volution pour proposer des contenus toujours plus pertinents. C&rsquo;est v\u00e9ritablement un incontournable de votre visite \u00e0 Caen.<\/p>\n\n\n\n<div class=\"wp-block-image\"><figure class=\"aligncenter size-large\"><img decoding=\"async\" src=\"https:\/\/voyageetdestination.fr\/wp-content\/uploads\/2021\/11\/img_20190802_155426.jpg\" alt=\"\" class=\"wp-image-1192\"\/><figcaption>Au M\u00e9morial de Caen<\/figcaption><\/figure><\/div>\n\n\n\n<p class=\"has-large-font-size\"><strong>Un peu de nature<\/strong><\/p>\n\n\n\n<p>A l&rsquo;int\u00e9rieur de la ville, au Jardin des Plantes par exemple, vous pourrez profiter d&rsquo;un peu de nature. <\/p>\n\n\n\n<p>Mais c&rsquo;est surtout au sortir de la ville que vous pourrez vous ressourcer dans des espaces naturels de l&rsquo;Estuaire de l&rsquo;Orne. Une visite de la Pointe du Si\u00e8ge en empruntant la Voie verte de Caen \u00e0 Ouistreham vous plaira peut-\u00eatre !<\/p>\n\n\n\n<p class=\"has-large-font-size\"><strong>Autres id\u00e9es de visites ? <\/strong><\/p>\n\n\n\n<p>A quelques kilom\u00e8tres de Caen, se pr\u00e9sente l&rsquo;occasion de remonter encore davantage le temps. A Ornavik, il vous est possible de visiter un chantier arch\u00e9ologique dans un parc viking et carolingien du 10<sup>\u00e8me<\/sup> si\u00e8cle. <\/p>\n\n\n\n<p>Nous ne l&rsquo;avons pas visit\u00e9, mais il a l&rsquo;air de valoir un petit d\u00e9tour. N&rsquo;h\u00e9sitez pas \u00e0 commenter si vous le connaissez !<\/p>\n\n\n\n<p>A la prochaine \u00e9tape \ud83d\ude8c !<\/p>\n","protected":false},"excerpt":{"rendered":"<p class=\"text-justify\">Normandie | Etape 6 | Caen Caen, dans le Calvados, est une tr\u00e8s belle destination pour qui appr\u00e9cie l&rsquo;Histoire et le patrimoine. Surnomm\u00e9e la \u00ab\u00a0Ville aux cent clochers\u00a0\u00bb &#8211; en raison de ses nombreux b\u00e2timents [&hellip;]<\/p>\n","protected":false},"author":1,"featured_media":3206,"comment_status":"open","ping_status":"open","sticky":false,"template":"","format":"standard","meta":{"jetpack_post_was_ever_published":false,"_jetpack_newsletter_access":"","_jetpack_dont_email_post_to_subs":false,"_jetpack_newsletter_tier_id":0,"_jetpack_memberships_contains_paywalled_content":false,"_jetpack_memberships_contains_paid_content":false,"footnotes":"","jetpack_publicize_message":"","jetpack_publicize_feature_enabled":true,"jetpack_social_post_already_shared":false,"jetpack_social_options":{"image_generator_settings":{"template":"highway","default_image_id":0,"font":"","enabled":false},"version":2}},"categories":[13,5],"tags":[21,24,41,42,65,67,71,93,104,118,157],"class_list":["post-1149","post","type-post","status-publish","format-standard","has-post-thumbnail","hentry","category-normandie","category-tour-de-france","tag-angleterre","tag-architecture","tag-caen","tag-calvados","tag-france","tag-guerre","tag-histoire","tag-manche","tag-normandie","tag-patrimoine","tag-viking"],"jetpack_publicize_connections":[],"jetpack_featured_media_url":"https:\/\/voyageetdestination.fr\/wp-content\/uploads\/2020\/08\/IMG_20190802_131329-scaled.jpg","jetpack_sharing_enabled":true,"jetpack_likes_enabled":true,"_links":{"self":[{"href":"https:\/\/voyageetdestination.fr\/index.php\/wp-json\/wp\/v2\/posts\/1149","targetHints":{"allow":["GET"]}}],"collection":[{"href":"https:\/\/voyageetdestination.fr\/index.php\/wp-json\/wp\/v2\/posts"}],"about":[{"href":"https:\/\/voyageetdestination.fr\/index.php\/wp-json\/wp\/v2\/types\/post"}],"author":[{"embeddable":true,"href":"https:\/\/voyageetdestination.fr\/index.php\/wp-json\/wp\/v2\/users\/1"}],"replies":[{"embeddable":true,"href":"https:\/\/voyageetdestination.fr\/index.php\/wp-json\/wp\/v2\/comments?post=1149"}],"version-history":[{"count":3,"href":"https:\/\/voyageetdestination.fr\/index.php\/wp-json\/wp\/v2\/posts\/1149\/revisions"}],"predecessor-version":[{"id":3340,"href":"https:\/\/voyageetdestination.fr\/index.php\/wp-json\/wp\/v2\/posts\/1149\/revisions\/3340"}],"wp:featuredmedia":[{"embeddable":true,"href":"https:\/\/voyageetdestination.fr\/index.php\/wp-json\/wp\/v2\/media\/3206"}],"wp:attachment":[{"href":"https:\/\/voyageetdestination.fr\/index.php\/wp-json\/wp\/v2\/media?parent=1149"}],"wp:term":[{"taxonomy":"category","embeddable":true,"href":"https:\/\/voyageetdestination.fr\/index.php\/wp-json\/wp\/v2\/categories?post=1149"},{"taxonomy":"post_tag","embeddable":true,"href":"https:\/\/voyageetdestination.fr\/index.php\/wp-json\/wp\/v2\/tags?post=1149"}],"curies":[{"name":"wp","href":"https:\/\/api.w.org\/{rel}","templated":true}]}}