{"id":1075,"date":"2020-07-21T18:00:47","date_gmt":"2020-07-21T17:00:47","guid":{"rendered":"https:\/\/voyageetdestination.fr\/?p=1075"},"modified":"2021-11-13T22:21:51","modified_gmt":"2021-11-13T21:21:51","slug":"lincroyable-etretat","status":"publish","type":"post","link":"https:\/\/voyageetdestination.fr\/index.php\/2020\/07\/21\/lincroyable-etretat\/","title":{"rendered":"L&rsquo;incroyable Etretat"},"content":{"rendered":"\n<p class=\"has-text-align-center has-normal-font-size\"><strong>Normandie | Etape 2 | Etretat<\/strong><\/p>\n\n\n\n<p class=\"has-drop-cap\">Pour la deuxi\u00e8me \u00e9tape de ce Roadtrip en <a href=\"https:\/\/voyageetdestination.fr\/index.php\/en-normandie\/\" data-type=\"URL\" data-id=\"https:\/\/voyageetdestination.fr\/index.php\/en-normandie\/\" target=\"_blank\" rel=\"noreferrer noopener\">Normandie<\/a>, c&rsquo;est Etretat et ses falaises que nous avons d\u00e9cid\u00e9 de rejoindre. <\/p>\n\n\n\n<p>Visiter Etretat, c&rsquo;est tout d&rsquo;abord d\u00e9couvrir un paysage naturel \u00e9poustouflant. Situ\u00e9e dans les c\u00f4tes d&rsquo;Alb\u00e2tre en Seine-Maritime, pr\u00e8s du <a href=\"https:\/\/voyageetdestination.fr\/index.php\/2020\/07\/28\/le-havre-ville-darchitecture\/\" data-type=\"URL\" data-id=\"https:\/\/voyageetdestination.fr\/index.php\/2020\/07\/28\/le-havre-ville-darchitecture\/\" target=\"_blank\" rel=\"noreferrer noopener\">Havre<\/a>, la ville offre un cadre magnifique. C\u00e9l\u00e8bre en grande partie par ses falaises impressionnantes et son d\u00e9cor typique des c\u00f4tes normandes, cette \u00e9tape est incontournable de votre visite en Normandie.<\/p>\n\n\n\n<figure class=\"wp-block-image size-large\"><img decoding=\"async\" src=\"https:\/\/voyageetdestination.fr\/wp-content\/uploads\/2021\/11\/img_20190730_114643.jpg\" alt=\"\" class=\"wp-image-1080\"\/><figcaption>La plage<\/figcaption><\/figure>\n\n\n\n<p class=\"has-large-font-size\"><strong>Un peu d&rsquo;Histoire<\/strong><\/p>\n\n\n\n<p>Etretat, village typique du front de mer, n&rsquo;a pas toujours eu la c\u00f4te. Ancien village de p\u00eacheurs, ce n&rsquo;est qu&rsquo;au 19<sup>\u00e8me<\/sup> si\u00e8cle, \u00e0 la Belle Epoque, que ce lieu devient un site touristique appr\u00e9ci\u00e9 des Fran\u00e7ais. Et ce sont d&rsquo;abord les Parisiens qui sont arriv\u00e9s pour profiter de cette station baln\u00e9aire.<\/p>\n\n\n\n<p>En vestige de ce temps r\u00e9volu o\u00f9 le village abritait plus de p\u00eacheurs que de visiteurs, vous pourrez voir le long de la c\u00f4te ce que l&rsquo;on appelle des caloges. Ce sont, en fait, de vieux bateaux qui ne flottaient plus, mais qui ont \u00e9t\u00e9 conserv\u00e9s, en y ajoutant un toit. C&rsquo;est l\u00e0 que l&rsquo;on entreposait le mat\u00e9riel de p\u00eache. Aujourd&rsquo;hui, ces caloges ressemblent \u00e0 de petites cabanes et sont sp\u00e9cifiques de la r\u00e9gion d&rsquo;Etretat. <\/p>\n\n\n\n<p>On vous laisse les trouver par vous-m\u00eames ! <\/p>\n\n\n\n<p class=\"has-large-font-size\"><strong>Les falaises<\/strong><\/p>\n\n\n\n<p>Sur les sentiers, en haut, ou bien, en bas, le long des plages de galets, les falaises de craie blanche sont inratables ! La plus c\u00e9l\u00e8bre de ces falaises est bien s\u00fbr la falaise d&rsquo;Aval avec son arche et son aiguille de 71 m\u00e8tres de haut. <\/p>\n\n\n\n<p>En marchant vers l&rsquo;aiguille et l&rsquo;arche, vous pourrez partir en exp\u00e9dition dans un petit tunnel, le \u00ab Trou \u00e0 l&rsquo;homme \u00bb, qui vous permettra, \u00e0 mar\u00e9e basse, de vous promener de l&rsquo;autre c\u00f4t\u00e9 des c\u00e9l\u00e8bres falaises. <\/p>\n\n\n\n<figure class=\"wp-block-gallery columns-3 is-cropped wp-block-gallery-1 is-layout-flex wp-block-gallery-is-layout-flex\"><ul class=\"blocks-gallery-grid\"><li class=\"blocks-gallery-item\"><figure><img decoding=\"async\" src=\"https:\/\/voyageetdestination.fr\/wp-content\/uploads\/2021\/11\/img_20190730_160420.jpg\" alt=\"\" data-id=\"1085\" class=\"wp-image-1085\"\/><figcaption class=\"blocks-gallery-item__caption\">L&rsquo;Arche<\/figcaption><\/figure><\/li><li class=\"blocks-gallery-item\"><figure><img decoding=\"async\" src=\"https:\/\/voyageetdestination.fr\/wp-content\/uploads\/2021\/11\/img_20190730_114923-1.jpg\" alt=\"\" data-id=\"1081\" class=\"wp-image-1081\"\/><figcaption class=\"blocks-gallery-item__caption\">Falaise de l&rsquo;Aval<\/figcaption><\/figure><\/li><li class=\"blocks-gallery-item\"><figure><img decoding=\"async\" src=\"https:\/\/voyageetdestination.fr\/wp-content\/uploads\/2021\/11\/img_20190730_155203.jpg\" alt=\"\" data-id=\"1084\" class=\"wp-image-1084\"\/><figcaption class=\"blocks-gallery-item__caption\">Le tunnel du \u00ab Trou \u00e0 l&rsquo;homme \u00bb<\/figcaption><\/figure><\/li><\/ul><\/figure>\n\n\n\n<p>Si vous ne pouvez pas passer \u00e0 Etretat, vous pourrez tout de m\u00eame admirer les falaises en peinture ! Ce d\u00e9cor a \u00e9t\u00e9 tellement de fois peint par les impressionnistes que de nombreux tableaux sont expos\u00e9s un peu partout en France. C&rsquo;est notamment le cas de Claude Monet dont nous avons encore pr\u00e8s de 50 toiles repr\u00e9sentant Etretat. <\/p>\n\n\n\n<p class=\"has-large-font-size\"><strong>Le panorama<\/strong><\/p>\n\n\n\n<p>Une fois \u00e0 Etretat, en allant sur les bords de la ville, pr\u00e8s de la plage, vous pourrez grimper les escaliers afin d&rsquo;avoir un tr\u00e8s joli panorama sur la ville et une magnifique vue sur la mer. <\/p>\n\n\n\n<p>Du c\u00f4t\u00e9 oppos\u00e9 \u00e0 la falaise d&rsquo;Aval, vous trouverez la chapelle Notre-Dame de la Garde perch\u00e9e en haute de la falaise&#8230; d&rsquo;Amont. Elle est accessible par un escalier depuis le centre-ville.<\/p>\n\n\n\n<figure class=\"wp-block-gallery columns-2 is-cropped wp-block-gallery-2 is-layout-flex wp-block-gallery-is-layout-flex\"><ul class=\"blocks-gallery-grid\"><li class=\"blocks-gallery-item\"><figure><img decoding=\"async\" src=\"https:\/\/voyageetdestination.fr\/wp-content\/uploads\/2021\/11\/img_20190730_120842.jpg\" alt=\"\" data-id=\"1082\" class=\"wp-image-1082\"\/><figcaption class=\"blocks-gallery-item__caption\">Chapelle Notre-Dame de la Garde<\/figcaption><\/figure><\/li><li class=\"blocks-gallery-item\"><figure><img decoding=\"async\" src=\"https:\/\/voyageetdestination.fr\/wp-content\/uploads\/2021\/11\/img_20190730_125247.jpg\" alt=\"\" data-id=\"1083\" class=\"wp-image-1083\"\/><figcaption class=\"blocks-gallery-item__caption\">Falaise d&rsquo;Amont<\/figcaption><\/figure><\/li><\/ul><\/figure>\n\n\n\n<p>Le chemin c\u00f4tier vous permettra de faire de belles balades. Avec en plus de l&rsquo;air marin, la vue plongeante ! Tout simplement splendide !<\/p>\n\n\n\n<p class=\"has-large-font-size\"><strong>La ville <\/strong><\/p>\n\n\n\n<p>En ville, quelques b\u00e2timents vous montreront toute la beaut\u00e9 de l&rsquo;architecture de l&rsquo;\u00e9poque. Vous pourrez vous promener dans les ruelles et dans les halles couvertes. <\/p>\n\n\n\n<p>Dans les villages alentours, vous verrez \u00e9galement de jolies maisons aux toits de chaume. De quoi ravir les passionn\u00e9s d&rsquo;architecture !<\/p>\n\n\n\n<figure class=\"wp-block-gallery columns-2 is-cropped wp-block-gallery-3 is-layout-flex wp-block-gallery-is-layout-flex\"><ul class=\"blocks-gallery-grid\"><li class=\"blocks-gallery-item\"><figure><img decoding=\"async\" src=\"https:\/\/voyageetdestination.fr\/wp-content\/uploads\/2021\/11\/img_20190730_153204.jpg\" alt=\"\" data-id=\"1086\" class=\"wp-image-1086\"\/><figcaption class=\"blocks-gallery-item__caption\">Centre-ville<\/figcaption><\/figure><\/li><li class=\"blocks-gallery-item\"><figure><img decoding=\"async\" src=\"https:\/\/voyageetdestination.fr\/wp-content\/uploads\/2021\/11\/img_20190729_192316_1.jpg\" alt=\"\" data-id=\"1079\" class=\"wp-image-1079\"\/><figcaption class=\"blocks-gallery-item__caption\">Maison traditionnelle<\/figcaption><\/figure><\/li><\/ul><\/figure>\n\n\n\n<p>Un peu \u00e0 l&rsquo;\u00e9cart dans la ville, une tr\u00e8s belle maison est aussi \u00e0 admirer. Il s&rsquo;agit de l&rsquo;ancien domaine de l&rsquo;\u00e9crivain Maurice Leblanc. <\/p>\n\n\n\n<ul class=\"wp-block-list\"><li><strong>Le Clos Ars\u00e8ne Lupin<\/strong><\/li><\/ul>\n\n\n\n<p>Pour les amateurs de romans, cette maison est devenue un mus\u00e9e qui vous laissera vous plonger dans l&rsquo;histoire de l&rsquo;auteur et de son c\u00e9l\u00e8bre personnage Ars\u00e8ne Lupin.<\/p>\n\n\n\n<div class=\"wp-block-image\"><figure class=\"aligncenter size-large\"><img decoding=\"async\" src=\"https:\/\/voyageetdestination.fr\/wp-content\/uploads\/2021\/11\/img_20190730_150242.jpg\" alt=\"\" class=\"wp-image-1087\"\/><figcaption>Le Clos Ars\u00e8ne Lupin<\/figcaption><\/figure><\/div>\n\n\n\n<p class=\"has-large-font-size\"><strong>Quelques recommandations<\/strong><\/p>\n\n\n\n<p>Etretat est un site tr\u00e8s pris\u00e9. Privil\u00e9giez plut\u00f4t une visite hors saison si vous le pouvez. <\/p>\n\n\n\n<p>Des parkings sont accessibles \u00e0 l&rsquo;entr\u00e9e de la ville. Mieux vaut privil\u00e9gier la marche pour arpenter la ville !<\/p>\n\n\n\n<p class=\"has-large-font-size\"><strong>Autres id\u00e9es de visites ? <\/strong><\/p>\n\n\n\n<p>A Etretat, vous pourrez rejoindre le Chemin des Douaniers. <\/p>\n\n\n\n<p>Pour les marcheurs, de nombreux sentiers de randonn\u00e9es sont balis\u00e9s en Normandie, et notamment pr\u00e8s des falaises. N&rsquo;h\u00e9sitez pas !<\/p>\n\n\n\n<p>En attendant, d&rsquo;y aller (ou d&rsquo;y retourner), en route vers la prochaine \u00e9tape  \ud83d\ude8c !<\/p>\n\n\n\n<div class=\"wp-block-image\"><figure class=\"aligncenter size-large is-resized\"><img loading=\"lazy\" decoding=\"async\" src=\"https:\/\/voyageetdestination.fr\/wp-content\/uploads\/2021\/11\/img_20190729_184752.jpg\" alt=\"\" class=\"wp-image-1078\" width=\"542\" height=\"407\"\/><figcaption>Galets<\/figcaption><\/figure><\/div>\n","protected":false},"excerpt":{"rendered":"<p class=\"text-justify\">Normandie | Etape 2 | Etretat Pour la deuxi\u00e8me \u00e9tape de ce Roadtrip en Normandie, c&rsquo;est Etretat et ses falaises que nous avons d\u00e9cid\u00e9 de rejoindre. Visiter Etretat, c&rsquo;est tout d&rsquo;abord d\u00e9couvrir un paysage naturel [&hellip;]<\/p>\n","protected":false},"author":1,"featured_media":3146,"comment_status":"open","ping_status":"open","sticky":false,"template":"","format":"standard","meta":{"jetpack_post_was_ever_published":false,"_jetpack_newsletter_access":"","_jetpack_dont_email_post_to_subs":false,"_jetpack_newsletter_tier_id":0,"_jetpack_memberships_contains_paywalled_content":false,"_jetpack_memberships_contains_paid_content":false,"footnotes":"","jetpack_publicize_message":"","jetpack_publicize_feature_enabled":true,"jetpack_social_post_already_shared":false,"jetpack_social_options":{"image_generator_settings":{"template":"highway","default_image_id":0,"font":"","enabled":false},"version":2}},"categories":[13,5],"tags":[24,61,65,71,93,98,104,118,119,126,139,140],"class_list":["post-1075","post","type-post","status-publish","format-standard","has-post-thumbnail","hentry","category-normandie","category-tour-de-france","tag-architecture","tag-etretat","tag-france","tag-histoire","tag-manche","tag-mer","tag-normandie","tag-patrimoine","tag-patrimoine-naturel","tag-plage","tag-seine","tag-seine-maritime"],"jetpack_publicize_connections":[],"jetpack_featured_media_url":"https:\/\/voyageetdestination.fr\/wp-content\/uploads\/2020\/07\/img_20190806_230152.jpg","jetpack_sharing_enabled":true,"jetpack_likes_enabled":true,"_links":{"self":[{"href":"https:\/\/voyageetdestination.fr\/index.php\/wp-json\/wp\/v2\/posts\/1075","targetHints":{"allow":["GET"]}}],"collection":[{"href":"https:\/\/voyageetdestination.fr\/index.php\/wp-json\/wp\/v2\/posts"}],"about":[{"href":"https:\/\/voyageetdestination.fr\/index.php\/wp-json\/wp\/v2\/types\/post"}],"author":[{"embeddable":true,"href":"https:\/\/voyageetdestination.fr\/index.php\/wp-json\/wp\/v2\/users\/1"}],"replies":[{"embeddable":true,"href":"https:\/\/voyageetdestination.fr\/index.php\/wp-json\/wp\/v2\/comments?post=1075"}],"version-history":[{"count":3,"href":"https:\/\/voyageetdestination.fr\/index.php\/wp-json\/wp\/v2\/posts\/1075\/revisions"}],"predecessor-version":[{"id":3336,"href":"https:\/\/voyageetdestination.fr\/index.php\/wp-json\/wp\/v2\/posts\/1075\/revisions\/3336"}],"wp:featuredmedia":[{"embeddable":true,"href":"https:\/\/voyageetdestination.fr\/index.php\/wp-json\/wp\/v2\/media\/3146"}],"wp:attachment":[{"href":"https:\/\/voyageetdestination.fr\/index.php\/wp-json\/wp\/v2\/media?parent=1075"}],"wp:term":[{"taxonomy":"category","embeddable":true,"href":"https:\/\/voyageetdestination.fr\/index.php\/wp-json\/wp\/v2\/categories?post=1075"},{"taxonomy":"post_tag","embeddable":true,"href":"https:\/\/voyageetdestination.fr\/index.php\/wp-json\/wp\/v2\/tags?post=1075"}],"curies":[{"name":"wp","href":"https:\/\/api.w.org\/{rel}","templated":true}]}}